{"id":22395,"date":"2009-01-16T18:44:16","date_gmt":"2009-01-16T18:44:16","guid":{"rendered":"https:\/\/obscom.intervozes.org.br\/wordpress\/?p=22395"},"modified":"2009-01-16T18:44:16","modified_gmt":"2009-01-16T18:44:16","slug":"novo-projeto-de-arthur-virgilio-propoe-acabar-com-fusos-horarios-no-brasil","status":"publish","type":"post","link":"https:\/\/obscom.intervozes.org.br\/?p=22395","title":{"rendered":"Novo projeto de Arthur Virg\u00edlio prop\u00f5e acabar com fusos hor\u00e1rios no Brasil"},"content":{"rendered":"<p>   \t \t \t \t \t<!-- \t\t@page { margin: 2cm } \t\tP { margin-bottom: 0.21cm } \t--> \t  <\/p>\n<p style=\"margin-bottom: 0cm\" class=\"western padrao\">Alegando dificuldades de integra&ccedil;&atilde;o econ&ocirc;mica e cultural provocadas pela diferen&ccedil;a de fusos hor&aacute;rios existente no Brasil, o senador Arthur Virg&iacute;lio (PSDB-AM) apresentou projeto que unifica a hora em todo o territ&oacute;rio nacional. Segundo o senador, a &ldquo;ado&ccedil;&atilde;o de fuso hor&aacute;rio &uacute;nico em todo o territ&oacute;rio nacional se justifica ainda mais ante a unifica&ccedil;&atilde;o e informatiza&ccedil;&atilde;o do sistema financeiro, o desenvolvimento dos transportes a&eacute;reos e das comunica&ccedil;&otilde;es via sat&eacute;lite&rdquo;.<\/p>\n<p>Virg&iacute;lio torna-se mais um congressista a advogar publicamente por causa defendida pelas grandes redes nacionais de televis&atilde;o. Desde que entraram em vigor as regras para a classifica&ccedil;&atilde;o indicativa de programas de TV, que exigem a adequa&ccedil;&atilde;o da programa&ccedil;&atilde;o ao hor&aacute;rio local, as emissoras cerraram fileiras contra as diferen&ccedil;as de hor&aacute;rio entre as regi&otilde;es.<\/p>\n<p>Em abril de 2008, dias ap&oacute;s a portaria que institui a classifica&ccedil;&atilde;o indicativa entrar em vigor, o Congresso aprovou projeto do senador Ti&atilde;o Viana (PT-AC) que mudou a hora local de estados do Norte. A nova lei aboliu o fuso hor&aacute;rio de menos duas horas em rela&ccedil;&atilde;o &agrave; Bras&iacute;lia, que at&eacute; ent&atilde;o valia para o Acre e a parte ocidental do Amazonas. O mesmo projeto tamb&eacute;m unificou o hor&aacute;rio do Par&aacute; com o de Bras&iacute;lia. Antes, o oeste paraense seguia o hor&aacute;rio de Manaus (menos uma hora em rela&ccedil;&atilde;o ao Distrito Federal).<\/p>\n<p>A observ&acirc;ncia dos fusos hor&aacute;rios obedece a conven&ccedil;&otilde;es nacionais e internacional. Estas, por&eacute;m, s&atilde;o determinadas pela velocidade de rota&ccedil;&atilde;o da Terra, que faz com que o sol nas&ccedil;a e se ponha em momentos diferentes ao redor do globo. Por esta raz&atilde;o, pa&iacute;ses de grande extens&atilde;o territorial, como os Estados Unidos, o Canad&aacute;, a R&uacute;ssia e &ndash; at&eacute; agora &ndash; o Brasil convivem com grandes diferen&ccedil;as de hor&aacute;rios.<\/p>\n","protected":false},"excerpt":{"rendered":"<p>Alegando dificuldades de integra&ccedil;&atilde;o econ&ocirc;mica e cultural provocadas pela diferen&ccedil;a de fusos hor&aacute;rios existente no Brasil, o senador Arthur Virg&iacute;lio (PSDB-AM) apresentou projeto que unifica a hora em todo o territ&oacute;rio nacional. Segundo o senador, a &ldquo;ado&ccedil;&atilde;o de fuso hor&aacute;rio &uacute;nico em todo o territ&oacute;rio nacional se justifica ainda mais ante a unifica&ccedil;&atilde;o e informatiza&ccedil;&atilde;o &hellip; <a href=\"https:\/\/obscom.intervozes.org.br\/?p=22395\" class=\"more-link\">Continue lendo <span class=\"screen-reader-text\">Novo projeto de Arthur Virg\u00edlio prop\u00f5e acabar com fusos hor\u00e1rios no Brasil<\/span> <span class=\"meta-nav\">&rarr;<\/span><\/a><\/p>\n","protected":false},"author":1,"featured_media":0,"comment_status":"open","ping_status":"open","sticky":false,"template":"","format":"standard","meta":{"footnotes":""},"categories":[39],"tags":[],"_links":{"self":[{"href":"https:\/\/obscom.intervozes.org.br\/index.php?rest_route=\/wp\/v2\/posts\/22395"}],"collection":[{"href":"https:\/\/obscom.intervozes.org.br\/index.php?rest_route=\/wp\/v2\/posts"}],"about":[{"href":"https:\/\/obscom.intervozes.org.br\/index.php?rest_route=\/wp\/v2\/types\/post"}],"author":[{"embeddable":true,"href":"https:\/\/obscom.intervozes.org.br\/index.php?rest_route=\/wp\/v2\/users\/1"}],"replies":[{"embeddable":true,"href":"https:\/\/obscom.intervozes.org.br\/index.php?rest_route=%2Fwp%2Fv2%2Fcomments&post=22395"}],"version-history":[{"count":0,"href":"https:\/\/obscom.intervozes.org.br\/index.php?rest_route=\/wp\/v2\/posts\/22395\/revisions"}],"wp:attachment":[{"href":"https:\/\/obscom.intervozes.org.br\/index.php?rest_route=%2Fwp%2Fv2%2Fmedia&parent=22395"}],"wp:term":[{"taxonomy":"category","embeddable":true,"href":"https:\/\/obscom.intervozes.org.br\/index.php?rest_route=%2Fwp%2Fv2%2Fcategories&post=22395"},{"taxonomy":"post_tag","embeddable":true,"href":"https:\/\/obscom.intervozes.org.br\/index.php?rest_route=%2Fwp%2Fv2%2Ftags&post=22395"}],"curies":[{"name":"wp","href":"https:\/\/api.w.org\/{rel}","templated":true}]}}