{"id":22391,"date":"2009-01-16T16:51:39","date_gmt":"2009-01-16T16:51:39","guid":{"rendered":"https:\/\/obscom.intervozes.org.br\/wordpress\/?p=22391"},"modified":"2009-01-16T16:51:39","modified_gmt":"2009-01-16T16:51:39","slug":"governo-quer-posicao-da-anatel-para-agir-contra-liminar-que-suspendeu-mudancas-no-pgmu","status":"publish","type":"post","link":"https:\/\/obscom.intervozes.org.br\/?p=22391","title":{"rendered":"Governo quer posi\u00e7\u00e3o da Anatel para agir contra liminar que suspendeu mudan\u00e7as no PGMU"},"content":{"rendered":"<p>   \t \t \t \t \t<!-- \t\t@page { margin: 2cm } \t\tP { margin-bottom: 0.21cm } \t--> \t   <\/p>\n<p style=\"margin-bottom: 0cm\" class=\"western padrao\">Depois da terceira derrota na justi&ccedil;a federal, em Bras&iacute;lia, o governo aguarda uma posi&ccedil;&atilde;o da Ag&ecirc;ncia Nacional de Telecomunica&ccedil;&otilde;es (Anatel), de hoje at&eacute; segunda-feira, para agir no sentido de derrubar a liminar que suspende os efeitos do decreto do novo Plano Geral de Metas de Universaliza&ccedil;&atilde;o (PGMU), que permitiu a troca dos Postos de Servi&ccedil;os de Telecomunica&ccedil;&otilde;es (PSTs) pela implanta&ccedil;&atilde;o de backhaul (infraestrutura de internet), pelas operadoras de telefonia fixa.<\/p>\n<p>A liminar foi concedida em novembro &agrave; Pro Teste &#8211; Associa&ccedil;&atilde;o Brasileira de Defesa do Consumidor pela ju&iacute;za federal Maria Cec&iacute;lia de Marco Rocha, da 6&ordf; Vara do Tribunal Federal de Justi&ccedil;a do Distrito Federal. Esta semana, no julgamento de recursos da Anatel e do Minist&eacute;rio das Comunica&ccedil;&otilde;es, por meio da Advocacia Geral da Uni&atilde;o (AGU), dois desembargadores do Tribunal Regional Federal (TRF) mantiveram a liminar. O entendimento dos tr&ecirc;s &eacute; de que n&atilde;o est&aacute; clara a reversibilidade do backhaul no decreto.<\/p>\n<p>Para o assessor especial da Casa Civil, Andr&eacute; Barbosa, a procuradoria da Anatel precisa avaliar se recorre ao pleno do TRF ou ao Superior Tribunal de Justi&ccedil;a (STJ) e corre o risco de sofrer mais um desgaste, ou inclui, por meio de termo aditivo, a cl&aacute;usula da reversibilidade no decreto. &quot;Para isso, &eacute; preciso fazer consulta p&uacute;blica&quot;, disse.<\/p>\n<p>Barbosa disse que, embora governo e operadoras concordem que est&aacute; claro a reversibilidade do backhaul, como se trata de direito p&uacute;blico, &eacute; necess&aacute;rio que tudo esteja expresso.<\/p>\n<p>Outra fonte do governo avalia que a confus&atilde;o foi causada pela pr&oacute;pria Anatel, que retirou a cl&aacute;usula da reversibilidade do decreto na v&eacute;spera da assinatura, por entender que se tratava de uma redund&acirc;ncia. Essa fonte tamb&eacute;m considera perda de tempo recorrer da decis&atilde;o.<\/p>\n<p>O que todos querem evitar &eacute; que a suspens&atilde;o da implanta&ccedil;&atilde;o do backhaul acabe interferindo demais no programa Banda Larga nas Escolas, que prev&ecirc; a conex&atilde;o em alta velocidade das 55 mil escolas p&uacute;blicas urbanas at&eacute; 2010. Mesmo que esse programa n&atilde;o tenha sido atingido diretamente pela decis&atilde;o da justi&ccedil;a, acaba sofrendo os efeitos indiretamente, porque as operadoras necessitam da complementa&ccedil;&atilde;o da infraestrutura para levar a internet &agrave;s escolas. As metas dos dois programas j&aacute; est&atilde;o atrasadas.<\/p>\n<p>A Anatel ainda n&atilde;o se pronunciou sobre o assunto.<\/p>\n","protected":false},"excerpt":{"rendered":"<p>Depois da terceira derrota na justi&ccedil;a federal, em Bras&iacute;lia, o governo aguarda uma posi&ccedil;&atilde;o da Ag&ecirc;ncia Nacional de Telecomunica&ccedil;&otilde;es (Anatel), de hoje at&eacute; segunda-feira, para agir no sentido de derrubar a liminar que suspende os efeitos do decreto do novo Plano Geral de Metas de Universaliza&ccedil;&atilde;o (PGMU), que permitiu a troca dos Postos de Servi&ccedil;os &hellip; <a href=\"https:\/\/obscom.intervozes.org.br\/?p=22391\" class=\"more-link\">Continue lendo <span class=\"screen-reader-text\">Governo quer posi\u00e7\u00e3o da Anatel para agir contra liminar que suspendeu mudan\u00e7as no PGMU<\/span> <span class=\"meta-nav\">&rarr;<\/span><\/a><\/p>\n","protected":false},"author":1,"featured_media":0,"comment_status":"open","ping_status":"open","sticky":false,"template":"","format":"standard","meta":{"footnotes":""},"categories":[40],"tags":[920],"_links":{"self":[{"href":"https:\/\/obscom.intervozes.org.br\/index.php?rest_route=\/wp\/v2\/posts\/22391"}],"collection":[{"href":"https:\/\/obscom.intervozes.org.br\/index.php?rest_route=\/wp\/v2\/posts"}],"about":[{"href":"https:\/\/obscom.intervozes.org.br\/index.php?rest_route=\/wp\/v2\/types\/post"}],"author":[{"embeddable":true,"href":"https:\/\/obscom.intervozes.org.br\/index.php?rest_route=\/wp\/v2\/users\/1"}],"replies":[{"embeddable":true,"href":"https:\/\/obscom.intervozes.org.br\/index.php?rest_route=%2Fwp%2Fv2%2Fcomments&post=22391"}],"version-history":[{"count":0,"href":"https:\/\/obscom.intervozes.org.br\/index.php?rest_route=\/wp\/v2\/posts\/22391\/revisions"}],"wp:attachment":[{"href":"https:\/\/obscom.intervozes.org.br\/index.php?rest_route=%2Fwp%2Fv2%2Fmedia&parent=22391"}],"wp:term":[{"taxonomy":"category","embeddable":true,"href":"https:\/\/obscom.intervozes.org.br\/index.php?rest_route=%2Fwp%2Fv2%2Fcategories&post=22391"},{"taxonomy":"post_tag","embeddable":true,"href":"https:\/\/obscom.intervozes.org.br\/index.php?rest_route=%2Fwp%2Fv2%2Ftags&post=22391"}],"curies":[{"name":"wp","href":"https:\/\/api.w.org\/{rel}","templated":true}]}}