{"id":22384,"date":"2009-01-15T16:54:39","date_gmt":"2009-01-15T16:54:39","guid":{"rendered":"https:\/\/obscom.intervozes.org.br\/wordpress\/?p=22384"},"modified":"2009-01-15T16:54:39","modified_gmt":"2009-01-15T16:54:39","slug":"operadoras-de-celular-pedem-a-anatel-toda-a-frequencia-do-mmds","status":"publish","type":"post","link":"https:\/\/obscom.intervozes.org.br\/?p=22384","title":{"rendered":"Operadoras de celular pedem \u00e0 Anatel toda a freq\u00fc\u00eancia do MMDS"},"content":{"rendered":"<p>   \t \t \t \t \t<!-- \t\t@page { margin: 2cm } \t\tP { margin-bottom: 0.21cm } \t--> \t    <\/p>\n<p style=\"margin-bottom: 0cm\" class=\"western padrao\">A disputa pela ocupa&ccedil;&atilde;o da frequ&ecirc;ncia de 2,5 GHz (escolhida como um dos padr&otilde;es mundiais para acolher a quarta gera&ccedil;&atilde;o da telefonia m&oacute;vel) &eacute; que motivou a Ag&ecirc;ncia Nacional de Telecomunica&ccedil;&otilde;es (Anatel) a retirar de pauta a retomada das licita&ccedil;&otilde;es de TV paga por MMDS (via microondas) e restringir a concess&atilde;o de novas licen&ccedil;as &agrave; TV a cabo.<\/p>\n<p>E as celulares resolveram entrar na briga para valer. A Acel (entidade que representa as operadoras m&oacute;veis) enviou, no ano passado, uma carta &agrave; Anatel formalizando o pleito para a destina&ccedil;&atilde;o integral da faixa do MMDS para o Servi&ccedil;o M&oacute;vel Pessoal (SMP). Para as m&oacute;veis, a proposta formulada pela &aacute;rea t&eacute;cnica da ag&ecirc;ncia, de retirar 80 MHz do MMDS de um total de 190 MHz que elas possuem hoje, &eacute; pouco. &ldquo;Com esses 80 MHz, quatro empresas de celular ficar&atilde;o com 10 MHz cada, o que &eacute; muito pouco para a oferta da banda larga m&oacute;vel&rdquo;, argumenta um executivo. Hoje as celulares t&ecirc;m um total de 80 MHz cada, divididos em diferentes faixas de freq&uuml;&ecirc;ncia.<\/p>\n<p>O interessante da posi&ccedil;&atilde;o da Acel &eacute; que ela tamb&eacute;m est&aacute; falando em nome da Vivo, empresa que tem como s&oacute;cia a Telef&ocirc;nica, que defende a manuten&ccedil;&atilde;o da faixa de 2,5 GHz para o MMDS. <\/p>\n<p>Os operadores de TV por assinatura, por sua vez, reagem at&eacute; mesmo &agrave; proposta da &aacute;rea t&eacute;cnica da Anatel, de perderem um quinh&atilde;o de sua freq&uuml;&ecirc;ncia. Argumentam que precisariam de todo o espectro para competir no mercado de v&iacute;deo e de dados. <\/p>\n<p>Al&eacute;m da press&atilde;o do mercado, o pr&oacute;prio conselho diretor da Anatel est&aacute; dividido quanto a esta quest&atilde;o. H&aacute; quem ache que a proposta da &aacute;rea t&eacute;cnica de destinar apenas 80 MHz para a LTE (quarta gera&ccedil;&atilde;o) &eacute; muito t&iacute;mida e o ideal seria mesmo alocar maior parte desse espectro para os servi&ccedil;os m&oacute;veis.<\/p>\n","protected":false},"excerpt":{"rendered":"<p>A disputa pela ocupa&ccedil;&atilde;o da frequ&ecirc;ncia de 2,5 GHz (escolhida como um dos padr&otilde;es mundiais para acolher a quarta gera&ccedil;&atilde;o da telefonia m&oacute;vel) &eacute; que motivou a Ag&ecirc;ncia Nacional de Telecomunica&ccedil;&otilde;es (Anatel) a retirar de pauta a retomada das licita&ccedil;&otilde;es de TV paga por MMDS (via microondas) e restringir a concess&atilde;o de novas licen&ccedil;as &agrave; &hellip; <a href=\"https:\/\/obscom.intervozes.org.br\/?p=22384\" class=\"more-link\">Continue lendo <span class=\"screen-reader-text\">Operadoras de celular pedem \u00e0 Anatel toda a freq\u00fc\u00eancia do MMDS<\/span> <span class=\"meta-nav\">&rarr;<\/span><\/a><\/p>\n","protected":false},"author":1,"featured_media":0,"comment_status":"open","ping_status":"open","sticky":false,"template":"","format":"standard","meta":{"footnotes":""},"categories":[40],"tags":[575],"_links":{"self":[{"href":"https:\/\/obscom.intervozes.org.br\/index.php?rest_route=\/wp\/v2\/posts\/22384"}],"collection":[{"href":"https:\/\/obscom.intervozes.org.br\/index.php?rest_route=\/wp\/v2\/posts"}],"about":[{"href":"https:\/\/obscom.intervozes.org.br\/index.php?rest_route=\/wp\/v2\/types\/post"}],"author":[{"embeddable":true,"href":"https:\/\/obscom.intervozes.org.br\/index.php?rest_route=\/wp\/v2\/users\/1"}],"replies":[{"embeddable":true,"href":"https:\/\/obscom.intervozes.org.br\/index.php?rest_route=%2Fwp%2Fv2%2Fcomments&post=22384"}],"version-history":[{"count":0,"href":"https:\/\/obscom.intervozes.org.br\/index.php?rest_route=\/wp\/v2\/posts\/22384\/revisions"}],"wp:attachment":[{"href":"https:\/\/obscom.intervozes.org.br\/index.php?rest_route=%2Fwp%2Fv2%2Fmedia&parent=22384"}],"wp:term":[{"taxonomy":"category","embeddable":true,"href":"https:\/\/obscom.intervozes.org.br\/index.php?rest_route=%2Fwp%2Fv2%2Fcategories&post=22384"},{"taxonomy":"post_tag","embeddable":true,"href":"https:\/\/obscom.intervozes.org.br\/index.php?rest_route=%2Fwp%2Fv2%2Ftags&post=22384"}],"curies":[{"name":"wp","href":"https:\/\/api.w.org\/{rel}","templated":true}]}}