{"id":22379,"date":"2009-01-14T17:49:09","date_gmt":"2009-01-14T17:49:09","guid":{"rendered":"https:\/\/obscom.intervozes.org.br\/wordpress\/?p=22379"},"modified":"2009-01-14T17:49:09","modified_gmt":"2009-01-14T17:49:09","slug":"tcu-muda-de-posicao-e-aceita-software-livre-em-pregao-do-minicom","status":"publish","type":"post","link":"https:\/\/obscom.intervozes.org.br\/?p=22379","title":{"rendered":"TCU muda de posi\u00e7\u00e3o e aceita software livre em preg\u00e3o do Minicom"},"content":{"rendered":"<p>   \t \t \t \t \t<!-- \t\t@page { margin: 2cm } \t\tP { margin-bottom: 0.21cm } \t--> \t    <\/p>\n<p style=\"margin-bottom: 0cm\" class=\"western padrao\">A 1&ordf; Secretaria de Controle Externo (Secex) do Tribunal de Contas da Uni&atilde;o (TCU) aceitou os argumentos do Minist&eacute;rio das Comunica&ccedil;&otilde;es com rela&ccedil;&atilde;o ao uso de plataforma de software livre no preg&atilde;o para contrata&ccedil;&atilde;o de empresa especializada em cursos de capacita&ccedil;&atilde;o para telecentros. Por&eacute;m, manteve a restri&ccedil;&atilde;o ao que considera &quot;imprecis&atilde;o na defini&ccedil;&atilde;o do conte&uacute;do program&aacute;tico dos cursos a serem ministrados&quot;.<\/p>\n<p>Dessa forma, a decis&atilde;o, embora comemorada por t&eacute;cnicos do Minicom, n&atilde;o foi suficiente para liberar a continua&ccedil;&atilde;o do preg&atilde;o, suspenso em 17 de dezembro passado por cautelar do ministro Raimundo Carreiro. A defini&ccedil;&atilde;o final ser&aacute; mesmo tomada pelo plen&aacute;rio do TCU, que volta a se reunir no pr&oacute;ximo dia 21.<\/p>\n<p>Para os t&eacute;cnicos do Minicom, a decis&atilde;o do TCU em suspender o preg&atilde;o, baseada principalmente na exig&ecirc;ncia do uso da plataforma livre para o software de gest&atilde;o dos cursos, &eacute; no m&iacute;nimo estranha. Isto porque o pr&oacute;prio tribunal j&aacute; havia recomendado o uso dessa plataforma nas compras do governo.<\/p>\n<p>Os t&eacute;cnicos tamb&eacute;m consideram equivocada a restri&ccedil;&atilde;o ao edital no que se refere ao detalhamento program&aacute;tico dos cursos. &quot;&Eacute; um excesso de zelo que n&atilde;o se justifica porque o objetivo &eacute; comprar cursos j&aacute; prontos e n&atilde;o o desenvolvimento deles&quot;, disse uma fonte do minist&eacute;rio. <\/p>\n<p>A principal queixa dos t&eacute;cnicos &eacute; de que o TCU aceitou a representa&ccedil;&atilde;o de uma empresa que sequer quis participar do preg&atilde;o, por n&atilde;o querer abrir m&atilde;o do uso do software propriet&aacute;rio. A cautelar do ministro Raimundo Carreiro resultou de representa&ccedil;&atilde;o da WebAula, empresa mineira de capacita&ccedil;&atilde;o via internet. Outra empresa mineira, a Estudar Consultoria e Empreendimentos, ofereceu o menor lance no preg&atilde;o, de R$ 11,82 por acesso.<\/p>\n<p>Pelo edital do preg&atilde;o, a empresa vencedora ser&aacute; respons&aacute;vel pela infraestrutura tecnol&oacute;gica necess&aacute;ria para as capacita&ccedil;&otilde;es dos usu&aacute;rios dos telecentros comunit&aacute;rios espalhados por todo o Brasil, incluindo a conex&atilde;o &agrave; internet. Ser&atilde;o ofertados cursos de at&eacute; 40 horas para a inicia&ccedil;&atilde;o profissional de 130 mil pessoas, de auxiliar de escrit&oacute;rio, operador de telemarketing e secretariado. Os cursos tamb&eacute;m englobam as &aacute;reas de empreendedorismo; inform&aacute;tica; software livre; TV digital; comunica&ccedil;&atilde;o e tecnologia; agricultura e pecu&aacute;ria; e meio ambiente.<\/p>\n","protected":false},"excerpt":{"rendered":"<p>A 1&ordf; Secretaria de Controle Externo (Secex) do Tribunal de Contas da Uni&atilde;o (TCU) aceitou os argumentos do Minist&eacute;rio das Comunica&ccedil;&otilde;es com rela&ccedil;&atilde;o ao uso de plataforma de software livre no preg&atilde;o para contrata&ccedil;&atilde;o de empresa especializada em cursos de capacita&ccedil;&atilde;o para telecentros. Por&eacute;m, manteve a restri&ccedil;&atilde;o ao que considera &quot;imprecis&atilde;o na defini&ccedil;&atilde;o do conte&uacute;do &hellip; <a href=\"https:\/\/obscom.intervozes.org.br\/?p=22379\" class=\"more-link\">Continue lendo <span class=\"screen-reader-text\">TCU muda de posi\u00e7\u00e3o e aceita software livre em preg\u00e3o do Minicom<\/span> <span class=\"meta-nav\">&rarr;<\/span><\/a><\/p>\n","protected":false},"author":1,"featured_media":0,"comment_status":"open","ping_status":"open","sticky":false,"template":"","format":"standard","meta":{"footnotes":""},"categories":[40],"tags":[948],"_links":{"self":[{"href":"https:\/\/obscom.intervozes.org.br\/index.php?rest_route=\/wp\/v2\/posts\/22379"}],"collection":[{"href":"https:\/\/obscom.intervozes.org.br\/index.php?rest_route=\/wp\/v2\/posts"}],"about":[{"href":"https:\/\/obscom.intervozes.org.br\/index.php?rest_route=\/wp\/v2\/types\/post"}],"author":[{"embeddable":true,"href":"https:\/\/obscom.intervozes.org.br\/index.php?rest_route=\/wp\/v2\/users\/1"}],"replies":[{"embeddable":true,"href":"https:\/\/obscom.intervozes.org.br\/index.php?rest_route=%2Fwp%2Fv2%2Fcomments&post=22379"}],"version-history":[{"count":0,"href":"https:\/\/obscom.intervozes.org.br\/index.php?rest_route=\/wp\/v2\/posts\/22379\/revisions"}],"wp:attachment":[{"href":"https:\/\/obscom.intervozes.org.br\/index.php?rest_route=%2Fwp%2Fv2%2Fmedia&parent=22379"}],"wp:term":[{"taxonomy":"category","embeddable":true,"href":"https:\/\/obscom.intervozes.org.br\/index.php?rest_route=%2Fwp%2Fv2%2Fcategories&post=22379"},{"taxonomy":"post_tag","embeddable":true,"href":"https:\/\/obscom.intervozes.org.br\/index.php?rest_route=%2Fwp%2Fv2%2Ftags&post=22379"}],"curies":[{"name":"wp","href":"https:\/\/api.w.org\/{rel}","templated":true}]}}