{"id":22376,"date":"2009-01-14T17:36:27","date_gmt":"2009-01-14T17:36:27","guid":{"rendered":"https:\/\/obscom.intervozes.org.br\/wordpress\/?p=22376"},"modified":"2009-01-14T17:36:27","modified_gmt":"2009-01-14T17:36:27","slug":"oi-pretende-transformar-ig-em-nucleo-de-producao-de-conteudo-multimidia","status":"publish","type":"post","link":"https:\/\/obscom.intervozes.org.br\/?p=22376","title":{"rendered":"Oi pretende transformar iG em n\u00facleo de produ\u00e7\u00e3o de conte\u00fado multim\u00eddia"},"content":{"rendered":"<p>   \t \t \t \t \t<!-- \t\t@page { margin: 2cm } \t\tP { margin-bottom: 0.21cm } \t--> \t   <\/p>\n<p style=\"margin-bottom: 0cm\" class=\"western padrao\">A aquisi&ccedil;&atilde;o da Brasil Telecom pela Oi promete uma s&eacute;rie de mudan&ccedil;as nos neg&oacute;cios da companhia. Depois de anunciada a sa&iacute;da de Caio T&uacute;lio Costa da presid&ecirc;ncia do portal iG, por exemplo, o endere&ccedil;o dever&aacute; se tornar o principal canal da &aacute;rea de internet da nova companhia. Em seu lugar assumiu Paulo Narc&eacute;lio do Amaral.<\/p>\n<p>No cargo desde 2006, Costa ganhou novas atribui&ccedil;&otilde;es na empresa e atuar&aacute; como consultor na estrat&eacute;gia de desenvolvimento da plataforma digital e multim&iacute;dia da Oi. &quot;Ainda sabemos pouco sobre quais mudan&ccedil;as ir&atilde;o ocorrer, mas ficou claro que a empresa tem grande respeito pelo iG e que o portal dever&aacute; se transformar no n&uacute;cleo de produ&ccedil;&atilde;o de conte&uacute;do nessa nova etapa&quot;, conta o jornalista.<\/p>\n<p>De acordo com informa&ccedil;&otilde;es obtidas pelo <em>Meio &amp; Mensagem<\/em>, a equipe do iG n&atilde;o dever&aacute; sofrer baixas e existe ainda a possibilidade de crescimento para que o endere&ccedil;o seja parte fundamental da estrat&eacute;gia multim&iacute;dia que pretende unir as diversas plataformas hoje mantidas pela companhia, como r&aacute;dio, internet e televis&atilde;o.<\/p>\n<p><strong>Carnaval<\/strong><\/p>\n<p>O portal iG apresentou nesta ter&ccedil;a-feira (13), seu hotsite para cobertura do Carnaval 2009. O especial fica no ar at&eacute; o dia 1&ordm; de mar&ccedil;o e ter&aacute; not&iacute;cias da festa do momo por todo o Pa&iacute;s, com destaque para Salvador, S&atilde;o Paulo, Rio de Janeiro e Recife\/Olinda.<\/p>\n","protected":false},"excerpt":{"rendered":"<p>A aquisi&ccedil;&atilde;o da Brasil Telecom pela Oi promete uma s&eacute;rie de mudan&ccedil;as nos neg&oacute;cios da companhia. Depois de anunciada a sa&iacute;da de Caio T&uacute;lio Costa da presid&ecirc;ncia do portal iG, por exemplo, o endere&ccedil;o dever&aacute; se tornar o principal canal da &aacute;rea de internet da nova companhia. Em seu lugar assumiu Paulo Narc&eacute;lio do Amaral. &hellip; <a href=\"https:\/\/obscom.intervozes.org.br\/?p=22376\" class=\"more-link\">Continue lendo <span class=\"screen-reader-text\">Oi pretende transformar iG em n\u00facleo de produ\u00e7\u00e3o de conte\u00fado multim\u00eddia<\/span> <span class=\"meta-nav\">&rarr;<\/span><\/a><\/p>\n","protected":false},"author":1,"featured_media":0,"comment_status":"open","ping_status":"open","sticky":false,"template":"","format":"standard","meta":{"footnotes":""},"categories":[40],"tags":[617],"_links":{"self":[{"href":"https:\/\/obscom.intervozes.org.br\/index.php?rest_route=\/wp\/v2\/posts\/22376"}],"collection":[{"href":"https:\/\/obscom.intervozes.org.br\/index.php?rest_route=\/wp\/v2\/posts"}],"about":[{"href":"https:\/\/obscom.intervozes.org.br\/index.php?rest_route=\/wp\/v2\/types\/post"}],"author":[{"embeddable":true,"href":"https:\/\/obscom.intervozes.org.br\/index.php?rest_route=\/wp\/v2\/users\/1"}],"replies":[{"embeddable":true,"href":"https:\/\/obscom.intervozes.org.br\/index.php?rest_route=%2Fwp%2Fv2%2Fcomments&post=22376"}],"version-history":[{"count":0,"href":"https:\/\/obscom.intervozes.org.br\/index.php?rest_route=\/wp\/v2\/posts\/22376\/revisions"}],"wp:attachment":[{"href":"https:\/\/obscom.intervozes.org.br\/index.php?rest_route=%2Fwp%2Fv2%2Fmedia&parent=22376"}],"wp:term":[{"taxonomy":"category","embeddable":true,"href":"https:\/\/obscom.intervozes.org.br\/index.php?rest_route=%2Fwp%2Fv2%2Fcategories&post=22376"},{"taxonomy":"post_tag","embeddable":true,"href":"https:\/\/obscom.intervozes.org.br\/index.php?rest_route=%2Fwp%2Fv2%2Ftags&post=22376"}],"curies":[{"name":"wp","href":"https:\/\/api.w.org\/{rel}","templated":true}]}}