{"id":22375,"date":"2009-01-14T15:17:15","date_gmt":"2009-01-14T15:17:15","guid":{"rendered":"https:\/\/obscom.intervozes.org.br\/wordpress\/?p=22375"},"modified":"2009-01-14T15:17:15","modified_gmt":"2009-01-14T15:17:15","slug":"um-olhar-positivo-sobre-a-fusao-brt-oi","status":"publish","type":"post","link":"https:\/\/obscom.intervozes.org.br\/?p=22375","title":{"rendered":"Um olhar positivo sobre a fus\u00e3o BrT-Oi"},"content":{"rendered":"<p>   \t \t \t \t \t<!-- \t\t@page { margin: 2cm } \t\tP { margin-bottom: 0.21cm } \t--> \t  <\/p>\n<p class=\"western padrao\"><span><em>O professor do Departamento de Comunica&ccedil;&atilde;o da PUC do Rio de Janeiro Marcos Dantas &eacute; um experiente conhecedor do jogo pol&iacute;tico na &aacute;rea das telecomunica&ccedil;&otilde;es. &Eacute; autor de livros sobre o tema, como &ldquo;A L&oacute;gica do Capital Informa&ccedil;&atilde;o&rdquo; (Ed. Contraponto, 1996), assessorou a Federa&ccedil;&atilde;o Interestadual dos Trabalhadores em Telecomunica&ccedil;&otilde;es (Fittel) e integrou o governo Lula como secret&aacute;rio de planejamento do Minist&eacute;rio das Comunica&ccedil;&otilde;es na gest&atilde;o Miro Teixeira (2003-2004) e secret&aacute;rio de educa&ccedil;&atilde;o &agrave; dist&acirc;ncia do Minist&eacute;rio da Educa&ccedil;&atilde;o (2004-2005).<\/p>\n<p>Na pol&ecirc;mica compra da Oi pela Brasil Telecom, Dantas fica do lado daqueles que v&ecirc;em o neg&oacute;cio como uma iniciativa positiva para o pa&iacute;s. Na avalia&ccedil;&atilde;o do professor, a fus&atilde;o deveria ter ocorrido j&aacute; no in&iacute;cio do governo e, embora tenha acontecido apenas agora, seguindo uma demanda do mercado, a cria&ccedil;&atilde;o da nova tele &eacute; estrat&eacute;gica para fortalecer o pa&iacute;s em um importante setor na atual fase de desenvolvimento do capitalismo. <\/p>\n<p>Dantas considera muito positivas as condicionalidades impostas pela Ag&ecirc;ncia Nacional de Telecomunica&ccedil;&otilde;es (Anatel) para a aprova&ccedil;&atilde;o do neg&oacute;cio. O desafio agora &eacute; garantir a sua implanta&ccedil;&atilde;o e, em um futuro muito pr&oacute;ximo, retomar a necess&aacute;ria agenda de reformular o marco regulat&oacute;rio das comunica&ccedil;&otilde;es.<\/em><\/p>\n<p><\/span><span><strong>No dia 8 de janeiro foi conclu&iacute;da a aquisi&ccedil;&atilde;o das a&ccedil;&otilde;es da Brasil Telecom pela Oi. Qual &eacute; a sua avalia&ccedil;&atilde;o sobre o neg&oacute;cio?<br \/><\/strong><\/span><span>Como eu sempre disse, o neg&oacute;cio &eacute; v&aacute;lido e necess&aacute;rio. Corrige, parcialmente, o erro do fatiamento da Telebr&aacute;s, quando da privatiza&ccedil;&atilde;o. Mas politicamente falando, deixou margem a muitas d&uacute;vidas que v&ecirc;m sendo exploradas por uma imprensa que s&oacute; sabe olhar para esc&acirc;ndalos de ocasi&atilde;o, e n&atilde;o para as quest&otilde;es estrat&eacute;gicas. Do ponto de vista pol&iacute;tico, o governo agiu mal, porque agiu a reboque dos empres&aacute;rios. A fus&atilde;o era uma solu&ccedil;&atilde;o que se impunha desde quando Lula assumiu em janeiro de 2003. No entanto, por medo do chamado &quot;mercado&quot; e tamb&eacute;m porque nunca teve e n&atilde;o tem uma pol&iacute;tica de comunica&ccedil;&otilde;es, o governo s&oacute; encaminhou o processo quando o pr&oacute;prio &quot;mercado&quot; passou a reclam&aacute;-lo.<\/p>\n<p><\/span><span><strong>Em conclu&iacute;da a fus&atilde;o, quais s&atilde;o os desafios, perigos e quest&otilde;es mais importantes agora?<br \/><\/strong><\/span><span>O desafio ser&aacute; implementar o ato 7.878 da Anatel, que viabiliza normativamente a fus&atilde;o. Observe que se trata de uma &quot;anu&ecirc;ncia pr&eacute;via&quot;, isto &eacute;, a fus&atilde;o pode vir a n&atilde;o se concretizar se as condicionalidades n&atilde;o forem cumpridas. Evidentemente, por&eacute;m, todas as quest&otilde;es mais amplas relativas &agrave;s comunica&ccedil;&otilde;es brasileiras, inclusive uma total constru&ccedil;&atilde;o de um novo marco legal e normativo, ainda n&atilde;o est&atilde;o resolvidas e poder&atilde;o vir a ser ainda de mais dif&iacute;cil solu&ccedil;&atilde;o na medida em que se v&atilde;o consolidando esses atos consumados do grande capital.<\/p>\n<p><\/span><span><strong>Como voc&ecirc; analisa as condicionalidades impostas pelaAnatel? Elas s&atilde;o v&aacute;lidas? S&atilde;o suficientes?<br \/><\/strong><\/span><span>Acho o Ato 7.828, um documento hist&oacute;rico! Chega a ser impressionante a quase nenhuma divulga&ccedil;&atilde;o de seu conte&uacute;do por parte da imprensa. Ele estabelece um conjunto de exig&ecirc;ncias de natureza p&uacute;blica, para a concretiza&ccedil;&atilde;o da fus&atilde;o. O primeiro compromisso importante &eacute; o da conex&atilde;o de mais 300 de cidades, inclusive capitais estaduais do Norte do pa&iacute;s, &agrave; infra-estrutura nacional j&aacute; existente de fibra &oacute;tica, at&eacute; 2015. Exige que a futura empresa leve a internet por banda-larga a todos os munic&iacute;pios de sua &aacute;rea de concess&atilde;o (mais de 2 mil, dos quais somente uns 300 s&atilde;o atendidos hoje). Tamb&eacute;m deve atender, com cerca de 2 mil &quot;kits&quot; de recep&ccedil;&atilde;o de TV, a unidades do Minist&eacute;rio da Sa&uacute;de. Ou seja, h&aacute; toda uma nova e direta pol&iacute;tica de universaliza&ccedil;&atilde;o da banda-larga explicitada a&iacute;. <br \/>Outro ponto important&iacute;ssimo: passa a fornecer infra-estrutura, inclusive treinamento, para as atividades do Ex&eacute;rcito brasileiro nas fronteiras distantes. Tamb&eacute;m obriga a Oi a aplicar 100% dos recursos que deve destinar ao Funtel, em pesquisas de desenvolvimento industrial-tecnol&oacute;gico, para isso contratando centros de pesquisa do pa&iacute;s, inclusive passando a apoiar as atividades da Rede Nacional de Pesquisa, al&eacute;m de praticar pol&iacute;tica de compra que favore&ccedil;a o produto brasileiro, logo a gera&ccedil;&atilde;o de emprego e rendas no pa&iacute;s. <br \/>Por fim, mas n&atilde;o por &uacute;ltimo, deve participar do projeto do sat&eacute;lite geoestacion&aacute;rio brasileiro. Sabe que projeto &eacute; esse? &Eacute; um projeto para recuperar a soberania do Brasil sobre os seus sat&eacute;lites, que FHC entregou de bandeja aos estadunidenses. A Oi-BrT deve ainda manter a Anatel informada das suas poss&iacute;veis atividades internacionais: ou seja, essas atividades come&ccedil;am a tomar a forma de uma pol&iacute;tica de Estado. S&atilde;o suficientes? Sempre se pode querer mais, mas considerando a completa aus&ecirc;ncia do governo e da Anatel, at&eacute; agora, nessas quest&otilde;es, j&aacute; &eacute; um grande avan&ccedil;o.<\/p>\n<p><\/span><span><strong>H&aacute; restri&ccedil;&otilde;es &agrave; compra por grupos internacionais j&aacute; com concess&otilde;es de telefonia fixa no Brasil, mas n&atilde;o a outros grupos. Voc&ecirc; v&ecirc; riscos de desnacionaliza&ccedil;&atilde;o da BrT-Oi? Quais seriam os preju&iacute;zo sem uma eventual venda dela a um conglomerado internacional?<br \/><\/strong><\/span><span>Riscos sempre h&aacute;. A Vale s&oacute; n&atilde;o foi desnacionalizada devido a uma interven&ccedil;&atilde;o destemida do ent&atilde;o presidente do BNDES, Carlos Lessa. Depois, ele foi exonerado pelo presidente Lula, como todos sabemos. A Embraer, apesar da &quot;a&ccedil;&atilde;o dourada&quot; do governo, foi desnacionalizada: o ent&atilde;o ministro da Aeron&aacute;utica foi exonerado, no governo FHC, quando quis exercer o seu poder de veto &agrave; venda da empresa ao capital estrangeiro. Logo, essa &eacute; uma quest&atilde;o que tem muito mais a ver com o sentimento de brasilidade dos que dirigem o pa&iacute;s, do que com contratos de ocasi&atilde;o. Em todo o caso, teria sido bom, ainda que de efetividade duvidosa, que, nas condicionalidades impostas, o Estado assumisse uma &quot;a&ccedil;&atilde;o dourada&quot;.<\/p>\n<p><\/span><span><strong>Como voc&ecirc; avalia o papel do governo e da Anatel no processo de fus&atilde;o? E do BNDES?<br \/><\/strong><\/span><span>Ser&aacute; interessante verificar o papel da Anatel. O Ato 7.828 marca uma mudan&ccedil;a na postura pol&iacute;tica da Anatel. Certamente, algo mudou por l&aacute; e, muito possivelmente, essa mudan&ccedil;a resulta da ida do embaixador Ronaldo Sardemberg e do advogado Antonio Bedran para o seu Conselho Diretor. Eles v&ecirc;m de uma &quot;escola&quot; comprometida com o desenvolvimento brasileiro, ainda que, infelizmente, tenham aceitado colaborar com os tucanos, quando estes resolveram destruir as bases do nosso desenvolvimento, constru&iacute;das por 50 anos. Mas eles eram, afinal, funcion&aacute;rios do Estado e como tal se comportaram. No entanto, t&ecirc;m vis&atilde;o sist&ecirc;mica e estrat&eacute;gica. <br \/>Acredito, mas n&atilde;o tenho informa&ccedil;&atilde;o e posso estar errado, que boa parte desse ato se deve a eles. Por outro lado, segundo li nos jornais, os membros do Conselho da Anatel &quot;indicados pelo PT&quot;, votaram contra. Votaram contra um ato que cont&eacute;m um conjunto de exig&ecirc;ncias perfeitamente de acordo com tudo pelo qual a base sindical e os intelectuais do PT lutaram por dez anos e que permitia recuperar, ainda que sob novas condi&ccedil;&otilde;es, a filosofia b&aacute;sica do antigo projeto da &quot;Brasil Telecom&quot; (transformar a Telebr&aacute;s numa grande operadora nacional de comunica&ccedil;&otilde;es, mesmo que parcialmente privatizada). Mudaram de lado ou foram muito mal indicados? Pergunte-se ao presidente Lula.<\/p>\n<p><\/span><span><strong>O que muda para o cidad&atilde;o usu&aacute;rio de telecomunica&ccedil;&otilde;es com a fus&atilde;o?<\/strong><\/span><span><br \/>Para come&ccedil;ar, se as exig&ecirc;ncias da &quot;anu&ecirc;ncia pr&eacute;via&quot; forem cumpridas, vai se expandir a infra-estrutura de banda larga do pa&iacute;s, beneficiando milh&otilde;es de brasileiros e brasileiras. Acho que pode vir por a&iacute;, tamb&eacute;m, uma importante redu&ccedil;&atilde;o na assinatura b&aacute;sica. Hoje, a assinatura b&aacute;sica responde por mais de 25% do total das receitas da Oi e da BrT. Se considerar apenas a telefonia local, as receitas com assinatura chegam a mais de 50% do total. A consolida&ccedil;&atilde;o das duas empresas em uma s&oacute; e a jun&ccedil;&atilde;o de seus mercados num grande mercado nacional permitir&aacute; ganhar escala, logo, reduzir as assinaturas. Obviamente, para que isso aconte&ccedil;a, a Anatel dever&aacute; continuar se comportando como passou a se comportar desde o ano passado, pois jamais devemos esperar bondades de empres&aacute;rios.<\/span><\/p>\n","protected":false},"excerpt":{"rendered":"<p>Pesquisador diz que fus\u00e3o era necess\u00e1ria, mas n\u00e3o deveria &#8216;nascer&#8217; do mercado<\/p>\n","protected":false},"author":1,"featured_media":0,"comment_status":"open","ping_status":"open","sticky":false,"template":"","format":"standard","meta":{"footnotes":""},"categories":[43],"tags":[825],"_links":{"self":[{"href":"https:\/\/obscom.intervozes.org.br\/index.php?rest_route=\/wp\/v2\/posts\/22375"}],"collection":[{"href":"https:\/\/obscom.intervozes.org.br\/index.php?rest_route=\/wp\/v2\/posts"}],"about":[{"href":"https:\/\/obscom.intervozes.org.br\/index.php?rest_route=\/wp\/v2\/types\/post"}],"author":[{"embeddable":true,"href":"https:\/\/obscom.intervozes.org.br\/index.php?rest_route=\/wp\/v2\/users\/1"}],"replies":[{"embeddable":true,"href":"https:\/\/obscom.intervozes.org.br\/index.php?rest_route=%2Fwp%2Fv2%2Fcomments&post=22375"}],"version-history":[{"count":0,"href":"https:\/\/obscom.intervozes.org.br\/index.php?rest_route=\/wp\/v2\/posts\/22375\/revisions"}],"wp:attachment":[{"href":"https:\/\/obscom.intervozes.org.br\/index.php?rest_route=%2Fwp%2Fv2%2Fmedia&parent=22375"}],"wp:term":[{"taxonomy":"category","embeddable":true,"href":"https:\/\/obscom.intervozes.org.br\/index.php?rest_route=%2Fwp%2Fv2%2Fcategories&post=22375"},{"taxonomy":"post_tag","embeddable":true,"href":"https:\/\/obscom.intervozes.org.br\/index.php?rest_route=%2Fwp%2Fv2%2Ftags&post=22375"}],"curies":[{"name":"wp","href":"https:\/\/api.w.org\/{rel}","templated":true}]}}