{"id":22374,"date":"2009-01-13T19:40:18","date_gmt":"2009-01-13T19:40:18","guid":{"rendered":"https:\/\/obscom.intervozes.org.br\/wordpress\/?p=22374"},"modified":"2009-01-13T19:40:18","modified_gmt":"2009-01-13T19:40:18","slug":"grupo-rbs-contesta-acusacao-de-oligopolio-em-sc","status":"publish","type":"post","link":"https:\/\/obscom.intervozes.org.br\/?p=22374","title":{"rendered":"Grupo RBS contesta acusa\u00e7\u00e3o de oligop\u00f3lio em SC"},"content":{"rendered":"<p>   \t \t \t \t \t<!-- \t\t@page { margin: 2cm } \t\tP { margin-bottom: 0.21cm } \t--> \t   <\/p>\n<p style=\"margin-bottom: 0cm\" class=\"western padrao\">A a&ccedil;&atilde;o civil impetrada pelo Minist&eacute;rio P&uacute;blico Federal (MPF) contra o Grupo RBS pelo impedimento da forma&ccedil;&atilde;o de oligop&oacute;lio em comunica&ccedil;&atilde;o em Santa Catarina continua repercutindo em ve&iacute;culos nacionais. O processo tem como objetivo reverter a aquisi&ccedil;&atilde;o pela empresa do jornal <em>A Not&iacute;cia<\/em>, de Joinville.<\/p>\n<p>Procurado em dezembro por <em>Coletiva.Net<\/em>, o grupo empresarial ga&uacute;cho n&atilde;o quis falar a respeito. A novidade agora &eacute; que manifestou-se oficialmente ao <em>Portal Imprensa<\/em>, informando, atrav&eacute;s de sua assessoria, que &quot;a opera&ccedil;&atilde;o de aquisi&ccedil;&atilde;o do jornal <em>A Not&iacute;cia <\/em>foi devidamente autorizada pelo Conselho Administrativo de Defesa Econ&ocirc;mica (Cade) e demais autoridades de Direito Econ&ocirc;mico por cumprir rigorosamente os termos da lei&quot;. <\/p>\n<p>Al&eacute;m disso, declarou a empresa, &quot;todas as opera&ccedil;&otilde;es e ve&iacute;culos do Grupo RBS em Santa Catarina atendem minuciosamente as especifica&ccedil;&otilde;es legais e s&atilde;o autorizados pelo Poder Executivo e pelo Congresso Nacional&quot;.<\/p>\n<p>A a&ccedil;&atilde;o, assinada pelos procuradores da Rep&uacute;blica, Ana L&uacute;cia Hartmann, Celso Ant&ocirc;nio Torres, Marcelo da Mota e M&aacute;rio S&eacute;rgio Ghannag&eacute;, caso seja julgada procedente, poder&aacute; resultar em transfer&ecirc;ncia de parte das emissoras do grupo a terceiros n&atilde;o envolvidos na mesma fam&iacute;lia.<\/p>\n<p>A RBS det&eacute;m, atualmente, seis canais de televis&atilde;o no estado, quatro a mais do que seria permitido por lei.<\/p>\n","protected":false},"excerpt":{"rendered":"<p>A a&ccedil;&atilde;o civil impetrada pelo Minist&eacute;rio P&uacute;blico Federal (MPF) contra o Grupo RBS pelo impedimento da forma&ccedil;&atilde;o de oligop&oacute;lio em comunica&ccedil;&atilde;o em Santa Catarina continua repercutindo em ve&iacute;culos nacionais. O processo tem como objetivo reverter a aquisi&ccedil;&atilde;o pela empresa do jornal A Not&iacute;cia, de Joinville. Procurado em dezembro por Coletiva.Net, o grupo empresarial ga&uacute;cho n&atilde;o &hellip; <a href=\"https:\/\/obscom.intervozes.org.br\/?p=22374\" class=\"more-link\">Continue lendo <span class=\"screen-reader-text\">Grupo RBS contesta acusa\u00e7\u00e3o de oligop\u00f3lio em SC<\/span> <span class=\"meta-nav\">&rarr;<\/span><\/a><\/p>\n","protected":false},"author":1,"featured_media":0,"comment_status":"open","ping_status":"open","sticky":false,"template":"","format":"standard","meta":{"footnotes":""},"categories":[40],"tags":[240],"_links":{"self":[{"href":"https:\/\/obscom.intervozes.org.br\/index.php?rest_route=\/wp\/v2\/posts\/22374"}],"collection":[{"href":"https:\/\/obscom.intervozes.org.br\/index.php?rest_route=\/wp\/v2\/posts"}],"about":[{"href":"https:\/\/obscom.intervozes.org.br\/index.php?rest_route=\/wp\/v2\/types\/post"}],"author":[{"embeddable":true,"href":"https:\/\/obscom.intervozes.org.br\/index.php?rest_route=\/wp\/v2\/users\/1"}],"replies":[{"embeddable":true,"href":"https:\/\/obscom.intervozes.org.br\/index.php?rest_route=%2Fwp%2Fv2%2Fcomments&post=22374"}],"version-history":[{"count":0,"href":"https:\/\/obscom.intervozes.org.br\/index.php?rest_route=\/wp\/v2\/posts\/22374\/revisions"}],"wp:attachment":[{"href":"https:\/\/obscom.intervozes.org.br\/index.php?rest_route=%2Fwp%2Fv2%2Fmedia&parent=22374"}],"wp:term":[{"taxonomy":"category","embeddable":true,"href":"https:\/\/obscom.intervozes.org.br\/index.php?rest_route=%2Fwp%2Fv2%2Fcategories&post=22374"},{"taxonomy":"post_tag","embeddable":true,"href":"https:\/\/obscom.intervozes.org.br\/index.php?rest_route=%2Fwp%2Fv2%2Ftags&post=22374"}],"curies":[{"name":"wp","href":"https:\/\/api.w.org\/{rel}","templated":true}]}}