{"id":22371,"date":"2009-01-13T18:33:38","date_gmt":"2009-01-13T18:33:38","guid":{"rendered":"https:\/\/obscom.intervozes.org.br\/wordpress\/?p=22371"},"modified":"2009-01-13T18:33:38","modified_gmt":"2009-01-13T18:33:38","slug":"projeto-em-tramitacao-na-camara-proibe-divulgacao-de-pesquisas-eleitorais","status":"publish","type":"post","link":"https:\/\/obscom.intervozes.org.br\/?p=22371","title":{"rendered":"Projeto em tramita\u00e7\u00e3o na C\u00e2mara pro\u00edbe divulga\u00e7\u00e3o de pesquisas eleitorais"},"content":{"rendered":"<p>   \t \t \t \t \t<!-- \t\t@page { margin: 2cm } \t\tP { margin-bottom: 0.21cm } \t--> \t  <\/p>\n<p style=\"margin-bottom: 0cm\" class=\"western padrao\">A C&acirc;mara analisa o Projeto de Lei 4258\/08, do deputado Vicentinho Alves (PR-TO), que pro&iacute;be a divulga&ccedil;&atilde;o de resultados de pesquisas eleitorais por qualquer meio de comunica&ccedil;&atilde;o. O texto restringe o acesso aos dados apurados em pesquisa de opini&atilde;o apenas para uso interno do partido, coliga&ccedil;&atilde;o ou candidato.<\/p>\n<p>O autor argumenta que a publica&ccedil;&atilde;o de pesquisas nos ve&iacute;culos de comunica&ccedil;&atilde;o induz, muitas vezes, o eleitorado a votar em quem aparece na frente, interferindo no resultado da elei&ccedil;&atilde;o, em preju&iacute;zo de alguns partidos e candidatos.<\/p>\n<p>&quot;Na verdade h&aacute; uma verdadeira farra de pesquisas. Colocam insistentemente que determinado candidato vence a elei&ccedil;&atilde;o, mas n&atilde;o conhecemos a metodologia destas pesquisas&quot;, reclama Vicentinho. <\/p>\n<p><strong>Crit&eacute;rios<\/strong><\/p>\n<p>A Lei Eleitoral (Lei 9.504\/97) estabelece crit&eacute;rios para a realiza&ccedil;&atilde;o e divulga&ccedil;&atilde;o das pesquisas de opini&atilde;o p&uacute;blica relativas &agrave;s elei&ccedil;&otilde;es ou aos candidatos.<\/p>\n<p>Entre outras regras, a lei obriga que os respons&aacute;veis pela pesquisa registrem, junto &agrave; Justi&ccedil;a Eleitoral, at&eacute; cinco dias antes da sua divulga&ccedil;&atilde;o, as seguintes informa&ccedil;&otilde;es:<\/p>\n<p>&#8211; quem contratou a pesquisa;<br \/>&#8211; valor e origem dos recursos despendidos no trabalho;<br \/>&#8211; metodologia e per&iacute;odo de realiza&ccedil;&atilde;o da pesquisa; e<br \/>&#8211; plano de amostra da popula&ccedil;&atilde;o e pondera&ccedil;&atilde;o quanto a sexo, idade, grau de instru&ccedil;&atilde;o, n&iacute;vel econ&ocirc;mico e &aacute;rea f&iacute;sica de realiza&ccedil;&atilde;o do trabalho, intervalo de confian&ccedil;a e margem de erro.<\/p>\n<p><strong>Divulga&ccedil;&atilde;o fraudulenta<\/p>\n<p><\/strong>Atualmente, a divulga&ccedil;&atilde;o de pesquisa eleitoral sem o pr&eacute;vio registro das informa&ccedil;&otilde;es exigidas sujeita os respons&aacute;veis a multa no valor de cinq&uuml;enta mil a cem mil UFIR (1 Ufir = R$ 1,0641).<\/p>\n<p>A divulga&ccedil;&atilde;o de pesquisa fraudulenta constitui crime, pun&iacute;vel com deten&ccedil;&atilde;o de seis meses a um ano e multa no valor de cinq&uuml;enta mil a cem mil UFIR. <\/p>\n<p><strong>Inconstitucionalidade<\/strong><\/p>\n<p>Lei aprovada no Congresso em 2006, pretendia proibir a divulga&ccedil;&atilde;o das pesquisas 15 dias antes do pleito at&eacute; o encerramento das urnas no dia da elei&ccedil;&atilde;o (Lei 11.300\/06). O dispositivo, no entanto, foi declarado inconstitucional em 2007, pelo Supremo Tribunal Federal, pela ADIN 3.741-2.<\/p>\n<p><strong>Tramita&ccedil;&atilde;o<\/strong><\/p>\n<p>A mat&eacute;ria ser&aacute; votada pelo Plen&aacute;rio ap&oacute;s an&aacute;lise da Comiss&atilde;o de Constitui&ccedil;&atilde;o e Justi&ccedil;a e de Cidadania.<\/p>\n","protected":false},"excerpt":{"rendered":"<p>A C&acirc;mara analisa o Projeto de Lei 4258\/08, do deputado Vicentinho Alves (PR-TO), que pro&iacute;be a divulga&ccedil;&atilde;o de resultados de pesquisas eleitorais por qualquer meio de comunica&ccedil;&atilde;o. O texto restringe o acesso aos dados apurados em pesquisa de opini&atilde;o apenas para uso interno do partido, coliga&ccedil;&atilde;o ou candidato. O autor argumenta que a publica&ccedil;&atilde;o de &hellip; <a href=\"https:\/\/obscom.intervozes.org.br\/?p=22371\" class=\"more-link\">Continue lendo <span class=\"screen-reader-text\">Projeto em tramita\u00e7\u00e3o na C\u00e2mara pro\u00edbe divulga\u00e7\u00e3o de pesquisas eleitorais<\/span> <span class=\"meta-nav\">&rarr;<\/span><\/a><\/p>\n","protected":false},"author":1,"featured_media":0,"comment_status":"open","ping_status":"open","sticky":false,"template":"","format":"standard","meta":{"footnotes":""},"categories":[40],"tags":[717],"_links":{"self":[{"href":"https:\/\/obscom.intervozes.org.br\/index.php?rest_route=\/wp\/v2\/posts\/22371"}],"collection":[{"href":"https:\/\/obscom.intervozes.org.br\/index.php?rest_route=\/wp\/v2\/posts"}],"about":[{"href":"https:\/\/obscom.intervozes.org.br\/index.php?rest_route=\/wp\/v2\/types\/post"}],"author":[{"embeddable":true,"href":"https:\/\/obscom.intervozes.org.br\/index.php?rest_route=\/wp\/v2\/users\/1"}],"replies":[{"embeddable":true,"href":"https:\/\/obscom.intervozes.org.br\/index.php?rest_route=%2Fwp%2Fv2%2Fcomments&post=22371"}],"version-history":[{"count":0,"href":"https:\/\/obscom.intervozes.org.br\/index.php?rest_route=\/wp\/v2\/posts\/22371\/revisions"}],"wp:attachment":[{"href":"https:\/\/obscom.intervozes.org.br\/index.php?rest_route=%2Fwp%2Fv2%2Fmedia&parent=22371"}],"wp:term":[{"taxonomy":"category","embeddable":true,"href":"https:\/\/obscom.intervozes.org.br\/index.php?rest_route=%2Fwp%2Fv2%2Fcategories&post=22371"},{"taxonomy":"post_tag","embeddable":true,"href":"https:\/\/obscom.intervozes.org.br\/index.php?rest_route=%2Fwp%2Fv2%2Ftags&post=22371"}],"curies":[{"name":"wp","href":"https:\/\/api.w.org\/{rel}","templated":true}]}}