{"id":22365,"date":"2009-01-12T18:50:19","date_gmt":"2009-01-12T18:50:19","guid":{"rendered":"https:\/\/obscom.intervozes.org.br\/wordpress\/?p=22365"},"modified":"2009-01-12T18:50:19","modified_gmt":"2009-01-12T18:50:19","slug":"oi-conclui-compra-da-brt-e-nova-empresa-nasce-sob-desconfianca","status":"publish","type":"post","link":"https:\/\/obscom.intervozes.org.br\/?p=22365","title":{"rendered":"Oi conclui compra da BrT e nova empresa nasce sob desconfian\u00e7a"},"content":{"rendered":"<p> \t \t \t \t<!-- \t\t@page { margin: 2cm } \t\tP { margin-bottom: 0.21cm } \t--> \t   <\/p>\n<p style=\"margin-bottom: 0cm\" class=\"western padrao\">Na &uacute;ltima quinta-feira, a Oi concluiu a aquisi&ccedil;&atilde;o das a&ccedil;&otilde;es da Brasil Telecom, pagando R$ 5,37 bilh&otilde;es correspondentes ao valor inicialmente acertado de R$ 5,86 bilh&otilde;es corrigido pela varia&ccedil;&atilde;o da taxa m&eacute;dia do Certificado de Dep&oacute;sito Interbanc&aacute;rio (CDI), deduzida uma d&iacute;vida que a BrT possu&iacute;a junto &agrave; Invitel no valor de R$ 998 milh&otilde;es. A nova empresa manter&aacute; o nome Oi e a unifica&ccedil;&atilde;o das duas estruturas dever&aacute; ocorrer em at&eacute; 60 dias.<\/p>\n<p>Como ao longo do processo de negocia&ccedil;&atilde;o e da mudan&ccedil;a do novo Plano Geral de Outorgas (PGO), que permitiu a cria&ccedil;&atilde;o da nova tele, a finaliza&ccedil;&atilde;o da compra foi marcada por intensos questionamentos. A aprova&ccedil;&atilde;o da anu&ecirc;ncia pr&eacute;via pela Ag&ecirc;ncia Nacional de Telecomunica&ccedil;&otilde;es (Anatel) foi amea&ccedil;ada por uma medida cautelar expedida pelo Tribunal de Contas da Uni&atilde;o (TCU) no dia da reuni&atilde;o do Conselho Diretor marcada para este fim, em 17 de dezembro. <\/p>\n<p>A decis&atilde;o alegava falta de &ldquo;transpar&ecirc;ncia do processo de anu&ecirc;ncia pr&eacute;via, especialmente no que diz respeito &agrave; falta de submiss&atilde;o ao escrut&iacute;nio p&uacute;blico das contrapartidas ou condicionantes a serem exigidos&rdquo;. Apenas ap&oacute;s uma forte press&atilde;o do governo federal, que contou inclusive com uma visita do ministro das Comunica&ccedil;&otilde;es, H&eacute;lio Costa, ao ministro do TCU autor da medida, Raimundo Carreiro, a medida cautelar foi suspensa, permitindo a aprova&ccedil;&atilde;o da anu&ecirc;ncia da ag&ecirc;ncia na madrugada do dia 18. Apesar de ter cedido em rela&ccedil;&atilde;o &agrave; a&ccedil;&atilde;o, o TCU continua investigando a Anatel por sua atua&ccedil;&atilde;o no processo.<\/p>\n<p>O comportamento da Anatel, altamente alinhado aos interesses dos envolvidos no neg&oacute;cio, tamb&eacute;m foi alvo de questionamentos do Minist&eacute;rio P&uacute;blico Federal, tanto por a&ccedil;&otilde;es movidas a partir de den&uacute;ncias de sindicatos e outras entidades, como por meio de um pedido de esclarecimentos e vistas de documentos do procurador Paulo Jos&eacute; da Rocha J&uacute;nior. &ldquo;Muito embora se deva elogiar a busca da efici&ecirc;ncia no servi&ccedil;o p&uacute;blico, n&atilde;o se pode permitir que a velocidade desej&aacute;vel na administra&ccedil;&atilde;o venha a custo da invers&atilde;o de valores, privilegiando o interesse privado em not&oacute;rio preju&iacute;zo ao interesse p&uacute;blico&rdquo;, argumenta o procurador na a&ccedil;&atilde;o. <\/p>\n<p>Segundo Joaquim Alves de Castro, presidente da Federa&ccedil;&atilde;o Interestadual dos Trabalhadores em Telecomunica&ccedil;&otilde;es (Fittel), a vota&ccedil;&atilde;o da anu&ecirc;ncia foi mais um caso expl&iacute;cito desta invers&atilde;o de valores. A tens&atilde;o que tomou conta da reuni&atilde;o do Conselho Diretor foi motivada, diz o sindicalista, pela necessidade de garantir a permiss&atilde;o do neg&oacute;cio ainda antes de 21 de dezembro. Este era o prazo estipulado pelas operadoras para realiza&ccedil;&atilde;o efetiva da compra, e seu descumprimento implicaria em multa de R$ 500 milh&otilde;es a ser paga pela Oi &agrave; BrT. <\/p>\n<p>Em entrevista &agrave; m&iacute;dia especializada, o conselheiro Ant&ocirc;nio Bedran afirmou no dia 19 que a ata da reuni&atilde;o de aprova&ccedil;&atilde;o da anu&ecirc;ncia publicada naquele dia serviria para impedir o pagamento da multa, evidenciando a preocupa&ccedil;&atilde;o apontada por Joaquim Castro. Na opini&atilde;o da Fittel, todo o processo foi &ldquo;a&ccedil;odado e mal conduzido&rdquo;, tendo desmantelado o PGO de maneira casu&iacute;stica para permitir a compra sem regular a concorr&ecirc;ncia, o que s&oacute; ser&aacute; feito por meio das medidas previstas no Plano Geral de Atualiza&ccedil;&atilde;o da Regulamenta&ccedil;&atilde;o em Telecomunica&ccedil;&otilde;es (PGR), que deveria ter sido revisto em conjunto com o primeiro plano.<\/p>\n<p><strong>Riscos e incertezas<\/strong><\/p>\n<p>Se, por um lado, sobram cr&iacute;ticas &agrave; fus&atilde;o, por outro faltam garantias sobre os benef&iacute;cios anunciados pelos envolvidos e pelo principal patrocinador do neg&oacute;cio, o governo federal. Para o coordenador do Laborat&oacute;rio de Pol&iacute;ticas de Comunica&ccedil;&atilde;o a UnB, Murilo Ramos, dificilmente haver&aacute; conseq&uuml;&ecirc;ncias ben&eacute;ficas ao cidad&atilde;o. &ldquo;Para o consumidor, eu vejo poucas. N&atilde;o acho que esta empresa, que operar&aacute; em regime de duop&oacute;lio na telefonia fixa com a Telef&ocirc;nica, v&aacute; beneficiar a sociedade em mat&eacute;ria de oferta de servi&ccedil;os e em mat&eacute;ria de pre&ccedil;os e tarifas&rdquo;, analisa Ramos. <\/p>\n<p>A redu&ccedil;&atilde;o de tarifas decorrente do ganho de escala da nova empresa &eacute; previs&atilde;o ainda nebulosa entre os an&uacute;ncios feitos pelo novo presidente da tele, Luiz Eduardo Falco, em coletiva dada &agrave; imprensa na &uacute;ltima sexta-feira (9). Segundo Falco, ela deve ocorrer apenas na telefonia m&oacute;vel na regi&atilde;o da Brasil Telecom e em algumas outras &aacute;reas, por conta do condicionante estipulado pela Anatel de manuten&ccedil;&atilde;o dos menores pre&ccedil;os praticados entre os servi&ccedil;os oferecidos pelas duas operadoras. &ldquo;<span>Vamos equacionar a minutagem, com a tarifa mais baixa&rdquo;, confirmou.<\/p>\n<p><\/span>Para Joaquim Castro, da Fittel, apesar da nova empresa ter maiores condi&ccedil;&otilde;es de reduzir os pre&ccedil;os pela diminui&ccedil;&atilde;o de custos e extin&ccedil;&atilde;o das taxas de interconex&atilde;o (a tarifa paga pela Oi &agrave; Brasil Telecom, ou vice -versa, para que a liga&ccedil;&atilde;o de um cliente de uma chegasse a um usu&aacute;rio da outra), a redu&ccedil;&atilde;o n&atilde;o deve ocorrer. &ldquo;Tenho certeza que n&atilde;o vai baratear. Estes cortes de despesas ficar&atilde;o todos como b&ocirc;nus para a nova operadora&rdquo;, prev&ecirc; o sindicalista.<\/p>\n<p><strong>Supertele nacional?<\/strong><\/p>\n<p>Outro argumento propalado para justificar a compra foi a necessidade de criar uma &ldquo;supertele&rdquo; nacional com condi&ccedil;&otilde;es de disputar com as gigantes internacionais no mercado interno (a Telef&oacute;nica de Espa&ntilde;a e a Telmex) e externo. Com a compra, a nova Oi ter&aacute; <span>53 milh&otilde;es de clientes, sendo 22 milh&otilde;es na telefonia fixa, 27 milh&otilde;es na telefonia m&oacute;vel, 3,7 milh&otilde;es na banda larga e 60 mil na TV por Assinatura. <\/p>\n<p>Sua cobertura alcan&ccedil;ar&aacute; 4,8 mil munic&iacute;pios e faturamento de R$ 29,3 bilh&otilde;es. Se levada em conta a divis&atilde;o do mercado de telecomunica&ccedil;&otilde;es no pa&iacute;s, a Oi passar&aacute; a Telef&ocirc;nica, que arrecada R$ 28,7 bilh&otilde;es ao ano. Segundo a pr&oacute;pria Oi, o grupo Telmex arrecada no Brasil uma receita de US$ 20,5 bilh&otilde;es.<\/p>\n<p><\/span>Durante a coletiva, Luiz Eduardo Falco anunciou plano de chegar a 110 milh&otilde;es de clientes entrando em mercados como Am&eacute;rica Latina e &Aacute;frica. No entanto, para Murilo Ramos, ver a Oi como supertele nacional, com possibilidades de inser&ccedil;&atilde;o global, &eacute; um equ&iacute;voco. &quot;Ela &eacute; uma grande empresa de telecomunica&ccedil;&otilde;es, hoje de capital nacional. E isto pode ser circunstancial, a depender das oportunidades com as quais os acionistas se deparem&rdquo;, afirma. Na opini&atilde;o do professor, esta no&ccedil;&atilde;o foi um argumento para legitimar o neg&oacute;cio junto &agrave; opini&atilde;o p&uacute;blica.<\/p>\n<p>Para Diogo Moyses, integrante do Intervozes &#8211; Coletivo Brasil de Comunica&ccedil;&atilde;o Social, a proibi&ccedil;&atilde;o feita no novo PGO impede apenas uma aquisi&ccedil;&atilde;o pela Embratel ou pela Telef&ocirc;nica. N&atilde;o h&aacute; obst&aacute;culos para que outras gigantes do setor de telecomunica&ccedil;&otilde;es adquiram a nova Oi. &ldquo;Assim como a Oi se moveu pela l&oacute;gica da capitaliza&ccedil;&atilde;o e ganho de escala para comprar a Brasil Telecom, um grupo de outro pa&iacute;s pode fazer o mesmo e adquirir a nova Oi fazendo uma oferta atraente aos acionistas&rdquo;, lembra Moyses.<\/p>\n<p><strong>Concentra&ccedil;&atilde;o de mercado<\/strong><\/p>\n<p>Se n&atilde;o ser&aacute; uma supertele nacional de fato, a nova Oi ter&aacute; grande import&acirc;ncia no mercado de telecomunica&ccedil;&otilde;es, especialmente na telefonia fixa, uma vez que a nova empresa operar&aacute; este tipo de servi&ccedil;o em 26 estados. A exce&ccedil;&atilde;o &eacute; S&atilde;o Paulo. <\/p>\n<p>A preocupa&ccedil;&atilde;o com a concentra&ccedil;&atilde;o de mercado foi destacada no voto do conselheiro-diretor Pl&iacute;nio de Aguiar J&uacute;nior, o &uacute;nico contr&aacute;rio &agrave; anu&ecirc;ncia pr&eacute;via da Anatel. &ldquo;Sem que haja fortes condicionamentos que propiciem imediata abertura da infra-estrutura de acesso local &agrave; competi&ccedil;&atilde;o, o futuro das telecomunica&ccedil;&otilde;es brasileiras fica comprometido, em especial o desenvolvimento da banda larga e, conseq&uuml;entemente, da inclus&atilde;o digital, caso um mesmo grupo econ&ocirc;mico explore as concess&otilde;es nas duas regi&otilde;es&rdquo;, alertou Aguiar J&uacute;nior em seu voto.<\/p>\n<p>Para autorizar a fus&atilde;o, a Anatel apresentou 15 condicionantes a serem cumpridos pela nova operadora. Entre as obriga&ccedil;&otilde;es, est&atilde;o a disponibiliza&ccedil;&atilde;o de todas as ofertas existentes na &aacute;rea da Oi tamb&eacute;m na regi&atilde;o da Brasil Telecom, bem como a equaliza&ccedil;&atilde;o dos servi&ccedil;os pelo pre&ccedil;o mais baixo praticado entre as duas. A nova empresa dever&aacute; prover servi&ccedil;o de banda larga nos 1.080 munic&iacute;pios na regi&atilde;o da Oi, bem como nas 126 cidades abaixo de 25 mil habitantes da &aacute;rea da Brasil Telecom. Em 300 munic&iacute;pios com 50 mil habitantes, dever&atilde;o ser instaladas redes de fibra &oacute;tica.<\/p>\n<p>Joaquim Castro v&ecirc; estas obriga&ccedil;&otilde;es como &ldquo;gen&eacute;ricas&rdquo; e pouco efetivas para impedir a concentra&ccedil;&atilde;o de mercado. Para a ex-integrante do Conselho Consultivo da Anatel e advogada do Instituto ProTeste, Fl&aacute;via Lef&eacute;vre, a compra &eacute; prejudicial &agrave; concorr&ecirc;ncia no setor e ter&aacute; efeitos na universaliza&ccedil;&atilde;o dos servi&ccedil;os de telecomunica&ccedil;&otilde;es. &ldquo;Elas [a Brasil Telecom e a Oi] j&aacute; concentram n&atilde;o s&oacute; o servi&ccedil;o de telefonia fixa, mas tamb&eacute;m o servi&ccedil;o de comunica&ccedil;&atilde;o de dados que o pessoal chama de banda larga. Esse cen&aacute;rio n&atilde;o tem perspectiva de melhorar com os condicionantes apresentados&rdquo;, lamenta.<\/p>\n<p><strong>Precariza&ccedil;&atilde;o das rela&ccedil;&otilde;es de trabalho<\/strong><\/p>\n<p>A Fittel v&ecirc; como um dos maiores riscos da compra a redu&ccedil;&atilde;o dos 15 mil empregos at&eacute; ent&atilde;o mantidos pela Oi e pela Brasil Telecom. A Anatel aprovou como condicionante a manuten&ccedil;&atilde;o destes postos de trabalho. No entanto, segundo o presidente da federa&ccedil;&atilde;o, tal obriga&ccedil;&atilde;o n&atilde;o dever&aacute; proteger os empregados de um processo intenso de precariza&ccedil;&atilde;o das rela&ccedil;&otilde;es de trabalho.<\/p>\n<p>&ldquo;A Anatel garantiu a manuten&ccedil;&atilde;o dos postos de trabalho, o que &eacute; diferente de empregos. A nova Oi pode at&eacute; garantir os 15 mil postos de trabalho, mas n&atilde;o os empregos, porque eles podem demitir todo mundo e diminuir os custos com pessoal. Podem at&eacute; ampliar os postos de trabalho terceirizando, mas isso ir&aacute; precarizar a rela&ccedil;&otilde;es de trabalho&rdquo;, denuncia. <\/p>\n<p>A preocupa&ccedil;&atilde;o dos sindicalistas t&ecirc;m raz&atilde;o de ser. Em sua entrevista, Luiz Eduardo Falco j&aacute; anunciou que haver&aacute; mudan&ccedil;as na &aacute;rea de pessoal. &ldquo;<span>Vamos manter os empregos, como estabelecemos no acordo de compra e conforme a Anatel determinou para conceder a Anu&ecirc;ncia Pr&eacute;via, mas &eacute; claro que haver&aacute; ajustes porque h&aacute; uma fus&atilde;o. Mas somos os maiores empregadores do pa&iacute;s e vamos continuar com esta marca&rdquo;, disse.<\/p>\n<p><\/span><strong>Novos questionamentos<\/strong> <\/p>\n<p>As cr&iacute;ticas ao m&eacute;rito da compra e quanto aos riscos que esta traz ao setor daqui para frente devem ensejar novos questionamentos. O deputado Arnaldo Jardim (PPS-SP) est&aacute; se movimentando para angariar apoio a um projeto de sua autoria (PDC 1145\/08) que susta o plano. O deputado foi o principal articulador da resist&ecirc;ncia no Congresso, mas encontrou pouco apoio at&eacute; agora. Sem cr&iacute;ticas na oposi&ccedil;&atilde;o e com forte apoio na base governista, dificilmente a fus&atilde;o ser&aacute; questionada pelo Parlamento.<\/p>\n<p>Resta ent&atilde;o o Judici&aacute;rio. Alvo de v&aacute;rias a&ccedil;&otilde;es e medidas movidas quando da discuss&atilde;o sobre o PGO e da aprova&ccedil;&atilde;o da anu&ecirc;ncia pr&eacute;via, a Justi&ccedil;a deve receber novos questionamentos sobre o neg&oacute;cio. A Associa&ccedil;&atilde;o Brasileira das Prestadoras de Servi&ccedil;os de Telecomunica&ccedil;&otilde;es Competitivas (Telcomp) anunciou que pretende acionar este poder para reverter a fus&atilde;o. &ldquo;A da Oi-BrT foi a mais r&aacute;pida da hist&oacute;ria, apenas 27 dias. H&aacute; exemplos que tomaram 3 mil dias, mas a m&eacute;dia s&atilde;o 200 dias. O fato de ter sido t&atilde;o mais depressa indica diferencia&ccedil;&atilde;o e uma ag&ecirc;ncia deve agir com transpar&ecirc;ncia&rdquo;, justifica Luiz Cuza, dirigente da associa&ccedil;&atilde;o.<\/p>\n<p><em>* Com informa&ccedil;&otilde;es do TeleTime News, Converg&ecirc;ncia Digital e Telecom Online.<\/em><\/p>\n","protected":false},"excerpt":{"rendered":"<p>Aquisi\u00e7\u00e3o do controle da Brasil Telecom foi feita no dia 8, 20 dias ap\u00f3s Anatel aprovar a negocia\u00e7\u00e3o; mudan\u00e7as apressadas no marco regulat\u00f3rio e rumos da nova &#8220;supertele&#8221; p\u00f5e em cheque o processo de fus\u00e3o<\/p>\n","protected":false},"author":1,"featured_media":0,"comment_status":"open","ping_status":"open","sticky":false,"template":"","format":"standard","meta":{"footnotes":""},"categories":[40],"tags":[617],"_links":{"self":[{"href":"https:\/\/obscom.intervozes.org.br\/index.php?rest_route=\/wp\/v2\/posts\/22365"}],"collection":[{"href":"https:\/\/obscom.intervozes.org.br\/index.php?rest_route=\/wp\/v2\/posts"}],"about":[{"href":"https:\/\/obscom.intervozes.org.br\/index.php?rest_route=\/wp\/v2\/types\/post"}],"author":[{"embeddable":true,"href":"https:\/\/obscom.intervozes.org.br\/index.php?rest_route=\/wp\/v2\/users\/1"}],"replies":[{"embeddable":true,"href":"https:\/\/obscom.intervozes.org.br\/index.php?rest_route=%2Fwp%2Fv2%2Fcomments&post=22365"}],"version-history":[{"count":0,"href":"https:\/\/obscom.intervozes.org.br\/index.php?rest_route=\/wp\/v2\/posts\/22365\/revisions"}],"wp:attachment":[{"href":"https:\/\/obscom.intervozes.org.br\/index.php?rest_route=%2Fwp%2Fv2%2Fmedia&parent=22365"}],"wp:term":[{"taxonomy":"category","embeddable":true,"href":"https:\/\/obscom.intervozes.org.br\/index.php?rest_route=%2Fwp%2Fv2%2Fcategories&post=22365"},{"taxonomy":"post_tag","embeddable":true,"href":"https:\/\/obscom.intervozes.org.br\/index.php?rest_route=%2Fwp%2Fv2%2Ftags&post=22365"}],"curies":[{"name":"wp","href":"https:\/\/api.w.org\/{rel}","templated":true}]}}