{"id":22362,"date":"2009-01-09T20:42:10","date_gmt":"2009-01-09T20:42:10","guid":{"rendered":"https:\/\/obscom.intervozes.org.br\/wordpress\/?p=22362"},"modified":"2009-01-09T20:42:10","modified_gmt":"2009-01-09T20:42:10","slug":"para-falco-grande-desafio-da-oi-sera-construcao-de-rede-nacional-de-banda-larga","status":"publish","type":"post","link":"https:\/\/obscom.intervozes.org.br\/?p=22362","title":{"rendered":"Para Falco, grande desafio da Oi ser\u00e1 constru\u00e7\u00e3o de rede nacional de banda larga"},"content":{"rendered":"<p>   \t \t \t \t \t<!-- \t\t@page { margin: 2cm } \t\tP { margin-bottom: 0.21cm } \t--> \t  <\/p>\n<p style=\"margin-bottom: 0cm\" class=\"western padrao\">A nova empresa que se forma da fus&atilde;o da Oi com a Brasil Telecom traz v&aacute;rios desafios para seus dirigentes. Mas para o presidente da empresa, Luiz Eduardo Falco, um dos maiores &eacute; o de construir nacionalmente uma rede de banda larga em dois anos. &ldquo;At&eacute; 2010, estaremos presentes com o servi&ccedil;o em todos os munic&iacute;pios do pa&iacute;s, seja utilizando a estrutura de telefonias fixa, m&oacute;vel, ou com parceiros&rdquo;, disse o executivo. <\/p>\n<p>Segundo o executivo, a banda larga ser&aacute; um ponto importante nos investimentos previstos pela operadora de R$ 5 bilh&otilde;es a R$ 6 bilh&otilde;es anuais, dos quais 1\/3 ir&aacute; para manuten&ccedil;&atilde;o da infra-estrutura e 2\/3 para amplia&ccedil;&atilde;o e novas redes. &ldquo;A rede m&oacute;vel e a banda larga ser&atilde;o muito importantes nesse projeto&rdquo;, comentou. Juntas, Oi e Brasil Telecom somaram 3,5 milh&otilde;es de clientes de acordo com resultado do terceiro trimestre do ano. Com a fus&atilde;o, a Oi torna-se a l&iacute;der do mercado superando a Telef&ocirc;nica que, tamb&eacute;m no mesmo per&iacute;odo, contava com 2,45 milh&otilde;es de assinantes.<\/p>\n<p>Como parte dos compromissos assumidos com a Ag&ecirc;ncia Nacional de Telecomunica&ccedil;&otilde;es (Anatel) para que fosse aprovado o pedido de anu&ecirc;ncia pr&eacute;via para a fus&atilde;o, a Oi concordou em expandir a oferta nacional de banda larga com presen&ccedil;a em todos os munic&iacute;pios que forem integrado ao backhaul.<\/p>\n<p>Outra exig&ecirc;ncia feita pelo &oacute;rg&atilde;o regulador envolve a moderniza&ccedil;&atilde;o e expans&atilde;o da rede de fibra &oacute;ptica nacional para a interliga&ccedil;&atilde;o de cidades n&atilde;o atendidas. Isso envolve a substitui&ccedil;&atilde;o de conex&otilde;es que atualmente s&atilde;o estabelecidas por sistemas de sat&eacute;lite. &ldquo;H&aacute; algumas solu&ccedil;&otilde;es interessantes na regi&atilde;o Norte mas do Cear&aacute; para a esquerda atualmente &eacute; tudo atendido por sat&eacute;lite&rdquo;, ressaltou Falco. Ele disse que a inten&ccedil;&atilde;o da Oi &eacute; a de construir um backbone com recursos pr&oacute;prios e boa parte em parceria com as concession&aacute;rias de energia el&eacute;trica, utilizando a tecnologia OPGW.  <\/p>\n","protected":false},"excerpt":{"rendered":"<p>A nova empresa que se forma da fus&atilde;o da Oi com a Brasil Telecom traz v&aacute;rios desafios para seus dirigentes. Mas para o presidente da empresa, Luiz Eduardo Falco, um dos maiores &eacute; o de construir nacionalmente uma rede de banda larga em dois anos. &ldquo;At&eacute; 2010, estaremos presentes com o servi&ccedil;o em todos os &hellip; <a href=\"https:\/\/obscom.intervozes.org.br\/?p=22362\" class=\"more-link\">Continue lendo <span class=\"screen-reader-text\">Para Falco, grande desafio da Oi ser\u00e1 constru\u00e7\u00e3o de rede nacional de banda larga<\/span> <span class=\"meta-nav\">&rarr;<\/span><\/a><\/p>\n","protected":false},"author":1,"featured_media":0,"comment_status":"open","ping_status":"open","sticky":false,"template":"","format":"standard","meta":{"footnotes":""},"categories":[40],"tags":[859],"_links":{"self":[{"href":"https:\/\/obscom.intervozes.org.br\/index.php?rest_route=\/wp\/v2\/posts\/22362"}],"collection":[{"href":"https:\/\/obscom.intervozes.org.br\/index.php?rest_route=\/wp\/v2\/posts"}],"about":[{"href":"https:\/\/obscom.intervozes.org.br\/index.php?rest_route=\/wp\/v2\/types\/post"}],"author":[{"embeddable":true,"href":"https:\/\/obscom.intervozes.org.br\/index.php?rest_route=\/wp\/v2\/users\/1"}],"replies":[{"embeddable":true,"href":"https:\/\/obscom.intervozes.org.br\/index.php?rest_route=%2Fwp%2Fv2%2Fcomments&post=22362"}],"version-history":[{"count":0,"href":"https:\/\/obscom.intervozes.org.br\/index.php?rest_route=\/wp\/v2\/posts\/22362\/revisions"}],"wp:attachment":[{"href":"https:\/\/obscom.intervozes.org.br\/index.php?rest_route=%2Fwp%2Fv2%2Fmedia&parent=22362"}],"wp:term":[{"taxonomy":"category","embeddable":true,"href":"https:\/\/obscom.intervozes.org.br\/index.php?rest_route=%2Fwp%2Fv2%2Fcategories&post=22362"},{"taxonomy":"post_tag","embeddable":true,"href":"https:\/\/obscom.intervozes.org.br\/index.php?rest_route=%2Fwp%2Fv2%2Ftags&post=22362"}],"curies":[{"name":"wp","href":"https:\/\/api.w.org\/{rel}","templated":true}]}}