{"id":22361,"date":"2009-01-09T20:36:30","date_gmt":"2009-01-09T20:36:30","guid":{"rendered":"https:\/\/obscom.intervozes.org.br\/wordpress\/?p=22361"},"modified":"2009-01-09T20:36:30","modified_gmt":"2009-01-09T20:36:30","slug":"sao-paulo-podera-ter-concorrencia-da-oi-em-telefonia-residencial","status":"publish","type":"post","link":"https:\/\/obscom.intervozes.org.br\/?p=22361","title":{"rendered":"S\u00e3o Paulo poder\u00e1 ter concorr\u00eancia da Oi em telefonia residencial"},"content":{"rendered":"<p>   \t \t \t \t \t<!-- \t\t@page { margin: 2cm } \t\tP { margin-bottom: 0.21cm } \t--> \t  <\/p>\n<p style=\"margin-bottom: 0cm\" class=\"western padrao\">Assim como a &aacute;rea da Brasil Telecom, o mercado de S&atilde;o Paulo tamb&eacute;m &eacute; encarado pelo presidente da Oi, Luiz Eduardo Falco, como um mercado onde a competi&ccedil;&atilde;o n&atilde;o se instalou plenamente. Presente no estado com telefonia m&oacute;vel, ele disse que em breve dever&aacute; oferecer banda larga m&oacute;vel &ldquo;ampliando a competi&ccedil;&atilde;o&rdquo; nesse segmento. Mas o executivo n&atilde;o descarta tamb&eacute;m utilizar a mesma rede m&oacute;vel para acesso telef&ocirc;nicos residenciais. <\/p>\n<p>&ldquo;N&oacute;s j&aacute; fazemos isso com o corporativo e podemos fazer com o residencial&rdquo;, observou. &ldquo;Tudo que pudermos fazer utilizando a rede m&oacute;vel vamos analisar&rdquo;, completou o executivo. Atualmente, a Tim &eacute; a maior provedora de linhas telef&ocirc;nicas residenciais via rede m&oacute;vel. A Telef&ocirc;nica lidera o mercado e a Net tem avan&ccedil;ado com o NetFone via Embratel, utilizando sua infra-estrutura de cabo. <\/p>\n<p>Segundo Falco, a Oi fechou o ano com cerca de 2 milh&otilde;es de assinantes de telefonia m&oacute;vel em S&atilde;o Paulo e 5% de <em>market share<\/em>. Em novembro, ela registrou 1,7 milh&atilde;o de clientes e 4,65% de cota de mercado. &ldquo;Em dezembro colocamos o p&eacute; no freio para esperar a conclus&atilde;o da nossa rede&rdquo;, afirmou. Esse processo, diz, foi conclu&iacute;do em dezembro mesmo e a empresa passou a deter 2 mil ERBs instaladas no estado. A sua estrat&eacute;gia para S&atilde;o Paulo replica a da sua &aacute;rea de atua&ccedil;&atilde;o original, com grande &ecirc;nfase para a venda de chip.<\/p>\n<p>A &aacute;rea da Brasil Telecom tamb&eacute;m &eacute; considerada estrat&eacute;gica para crescimento de telefonia m&oacute;vel pelo presidente da Oi. A Brasil Telecom responde por 14,17% do mercado com 5,3 milh&otilde;es de clientes em novembro. Na regi&atilde;o, a Vivo lidera com uma participa&ccedil;&atilde;o de 32,78%, a Claro com 27,47% e a TIM com 25,30%.  <\/p>\n","protected":false},"excerpt":{"rendered":"<p>Assim como a &aacute;rea da Brasil Telecom, o mercado de S&atilde;o Paulo tamb&eacute;m &eacute; encarado pelo presidente da Oi, Luiz Eduardo Falco, como um mercado onde a competi&ccedil;&atilde;o n&atilde;o se instalou plenamente. Presente no estado com telefonia m&oacute;vel, ele disse que em breve dever&aacute; oferecer banda larga m&oacute;vel &ldquo;ampliando a competi&ccedil;&atilde;o&rdquo; nesse segmento. Mas o &hellip; <a href=\"https:\/\/obscom.intervozes.org.br\/?p=22361\" class=\"more-link\">Continue lendo <span class=\"screen-reader-text\">S\u00e3o Paulo poder\u00e1 ter concorr\u00eancia da Oi em telefonia residencial<\/span> <span class=\"meta-nav\">&rarr;<\/span><\/a><\/p>\n","protected":false},"author":1,"featured_media":0,"comment_status":"open","ping_status":"open","sticky":false,"template":"","format":"standard","meta":{"footnotes":""},"categories":[40],"tags":[859],"_links":{"self":[{"href":"https:\/\/obscom.intervozes.org.br\/index.php?rest_route=\/wp\/v2\/posts\/22361"}],"collection":[{"href":"https:\/\/obscom.intervozes.org.br\/index.php?rest_route=\/wp\/v2\/posts"}],"about":[{"href":"https:\/\/obscom.intervozes.org.br\/index.php?rest_route=\/wp\/v2\/types\/post"}],"author":[{"embeddable":true,"href":"https:\/\/obscom.intervozes.org.br\/index.php?rest_route=\/wp\/v2\/users\/1"}],"replies":[{"embeddable":true,"href":"https:\/\/obscom.intervozes.org.br\/index.php?rest_route=%2Fwp%2Fv2%2Fcomments&post=22361"}],"version-history":[{"count":0,"href":"https:\/\/obscom.intervozes.org.br\/index.php?rest_route=\/wp\/v2\/posts\/22361\/revisions"}],"wp:attachment":[{"href":"https:\/\/obscom.intervozes.org.br\/index.php?rest_route=%2Fwp%2Fv2%2Fmedia&parent=22361"}],"wp:term":[{"taxonomy":"category","embeddable":true,"href":"https:\/\/obscom.intervozes.org.br\/index.php?rest_route=%2Fwp%2Fv2%2Fcategories&post=22361"},{"taxonomy":"post_tag","embeddable":true,"href":"https:\/\/obscom.intervozes.org.br\/index.php?rest_route=%2Fwp%2Fv2%2Ftags&post=22361"}],"curies":[{"name":"wp","href":"https:\/\/api.w.org\/{rel}","templated":true}]}}