{"id":22360,"date":"2009-01-09T20:21:38","date_gmt":"2009-01-09T20:21:38","guid":{"rendered":"https:\/\/obscom.intervozes.org.br\/wordpress\/?p=22360"},"modified":"2009-01-09T20:21:38","modified_gmt":"2009-01-09T20:21:38","slug":"oi-lanca-tv-paga-via-dth-no-primeiro-semestre-meta-e-ter-8-milhoes-de-assinantes","status":"publish","type":"post","link":"https:\/\/obscom.intervozes.org.br\/?p=22360","title":{"rendered":"Oi lan\u00e7a TV paga via DTH no primeiro semestre; meta \u00e9 ter 8 milh\u00f5es de assinantes"},"content":{"rendered":"<p>   \t \t \t \t \t<!-- \t\t@page { margin: 2cm } \t\tP { margin-bottom: 0.21cm } \t--> \t   <\/p>\n<p style=\"margin-bottom: 0cm\" class=\"western padrao\">Com a incorpora&ccedil;&atilde;o da Brasil Telecom, os planos da Oi com o mercado de TV por assinatura ganham ainda maior import&acirc;ncia, destacou o presidente da companhia, Luiz Eduardo Falco, em entrevista coletiva concedida nesta sexta-feira (9), no Rio de Janeiro. <\/p>\n<p>A inten&ccedil;&atilde;o da tele &eacute; lan&ccedil;ar o servi&ccedil;o &#8211; feito via sat&eacute;lite &#8211; ainda no primeiro semestre deste ano. Nos pr&oacute;ximos cinco anos, a empresa quer sair dos atuais 60 mil assinantes para oito milh&otilde;es. O IPTV &#8211; servi&ccedil;o via rede tradicional &#8211; n&atilde;o foi descartado pela Oi, mas como ainda h&aacute; problemas regulat&oacute;rios, o DTH se tornou uma prioridade. <\/p>\n<p>&ldquo;Temos a licen&ccedil;a, estamos estruturando a oferta para sermos um concorrente neste mercado&rdquo;, explicou Falco. O executivo, no entanto, n&atilde;o adiantou maiores detalhes sobre o lan&ccedil;amento da opera&ccedil;&atilde;o. A Hispamar, empresa de sat&eacute;lite que tem a Oi como acionista, dever&aacute; lan&ccedil;ar um sat&eacute;lite ainda este ano para atender os planos da Oi.<\/p>\n","protected":false},"excerpt":{"rendered":"<p>Com a incorpora&ccedil;&atilde;o da Brasil Telecom, os planos da Oi com o mercado de TV por assinatura ganham ainda maior import&acirc;ncia, destacou o presidente da companhia, Luiz Eduardo Falco, em entrevista coletiva concedida nesta sexta-feira (9), no Rio de Janeiro. A inten&ccedil;&atilde;o da tele &eacute; lan&ccedil;ar o servi&ccedil;o &#8211; feito via sat&eacute;lite &#8211; ainda no &hellip; <a href=\"https:\/\/obscom.intervozes.org.br\/?p=22360\" class=\"more-link\">Continue lendo <span class=\"screen-reader-text\">Oi lan\u00e7a TV paga via DTH no primeiro semestre; meta \u00e9 ter 8 milh\u00f5es de assinantes<\/span> <span class=\"meta-nav\">&rarr;<\/span><\/a><\/p>\n","protected":false},"author":1,"featured_media":0,"comment_status":"open","ping_status":"open","sticky":false,"template":"","format":"standard","meta":{"footnotes":""},"categories":[40],"tags":[859],"_links":{"self":[{"href":"https:\/\/obscom.intervozes.org.br\/index.php?rest_route=\/wp\/v2\/posts\/22360"}],"collection":[{"href":"https:\/\/obscom.intervozes.org.br\/index.php?rest_route=\/wp\/v2\/posts"}],"about":[{"href":"https:\/\/obscom.intervozes.org.br\/index.php?rest_route=\/wp\/v2\/types\/post"}],"author":[{"embeddable":true,"href":"https:\/\/obscom.intervozes.org.br\/index.php?rest_route=\/wp\/v2\/users\/1"}],"replies":[{"embeddable":true,"href":"https:\/\/obscom.intervozes.org.br\/index.php?rest_route=%2Fwp%2Fv2%2Fcomments&post=22360"}],"version-history":[{"count":0,"href":"https:\/\/obscom.intervozes.org.br\/index.php?rest_route=\/wp\/v2\/posts\/22360\/revisions"}],"wp:attachment":[{"href":"https:\/\/obscom.intervozes.org.br\/index.php?rest_route=%2Fwp%2Fv2%2Fmedia&parent=22360"}],"wp:term":[{"taxonomy":"category","embeddable":true,"href":"https:\/\/obscom.intervozes.org.br\/index.php?rest_route=%2Fwp%2Fv2%2Fcategories&post=22360"},{"taxonomy":"post_tag","embeddable":true,"href":"https:\/\/obscom.intervozes.org.br\/index.php?rest_route=%2Fwp%2Fv2%2Ftags&post=22360"}],"curies":[{"name":"wp","href":"https:\/\/api.w.org\/{rel}","templated":true}]}}