{"id":22359,"date":"2009-01-09T20:18:44","date_gmt":"2009-01-09T20:18:44","guid":{"rendered":"https:\/\/obscom.intervozes.org.br\/wordpress\/?p=22359"},"modified":"2009-01-09T20:18:44","modified_gmt":"2009-01-09T20:18:44","slug":"oi-divulga-primeiros-planos-para-integracao-das-empresas-e-servicos","status":"publish","type":"post","link":"https:\/\/obscom.intervozes.org.br\/?p=22359","title":{"rendered":"Oi divulga primeiros planos para integra\u00e7\u00e3o das empresas e servi\u00e7os"},"content":{"rendered":"<p>   \t \t \t \t \t<!-- \t\t@page { margin: 2cm } \t\tP { margin-bottom: 0.21cm } \t--> \t   <\/p>\n<p style=\"margin-bottom: 0cm\" class=\"western padrao\">A partir desta sexta-feira (9), a Oi assume oficialmente o controle da Brasil Telecom. A Oi pagou &agrave; vista R$ 5,3 bilh&otilde;es e assumiu uma d&iacute;vida de cerca de R$ 1 bilh&atilde;o da Invitel, ex-controladora da BrT. A Oi acredita que para ficar com o controle total da empresa dever&aacute; gastar cerca de R$ 13 bilh&otilde;es, uma vez que haver&aacute; a compra das a&ccedil;&otilde;es dos minorit&aacute;rios.<\/p>\n<p>Do ponto de vista estrutural, a Oi tra&ccedil;ou as diretrizes de trabalho e o primeiro escal&atilde;o da nova concession&aacute;ria. Nos pr&oacute;ximos cinco anos, a companhia estima investir R$ 30 bilh&otilde;es. Do antigo staff da BrT, apenas tr&ecirc;s diretores ficaram na Oi: Luiz Perrone, que assume a &aacute;rea de Assuntos Internacionais, Jorge Jardim, na &aacute;rea de Rela&ccedil;&otilde;es Institucionais, e Francisco Santiago, na &aacute;rea de Opera&ccedil;&otilde;es. O comando da empresa ficar&aacute; com Luiz Eduardo Falco. A sede ser&aacute; no Rio de Janeiro. <\/p>\n<p>&quot;Como havia um impedimento regulat&oacute;rio, n&atilde;o tivemos acesso direto aos dados da Brasil Telecom. Criamos o conceito de &#39;sala limpa&#39; e nos &uacute;ltimos tr&ecirc;s meses colocamos cerca de 70 executivos &agrave; frente do processo de integra&ccedil;&atilde;o. A nossa proposta &eacute; ter uma estrutura &uacute;nica em at&eacute; 60 dias&quot;, afirmou o presidente da Oi, Luiz Eduardo Falco, em entrevista coletiva concedida nesta sexta-feira (90, no Rio de Janeiro.<\/p>\n<p>Com rela&ccedil;&atilde;o ao desaparecimento do <em>brand <\/em>Brasil Telecom, Falco disse que a inten&ccedil;&atilde;o da Oi &eacute; adotar uma marca &uacute;nica &#8211; que ficar&aacute; sendo Oi &#8211; ainda no primeiro semestre deste ano. Mas o executivo salientou, no entanto, que h&aacute; produtos e empresas como o iG, provedor de Internet da Brasil Telecom, que tendem a continuar com suas marcas. <\/p>\n<p><strong>Estrat&eacute;gia de unifica&ccedil;&atilde;o<\/strong><\/p>\n<p>&quot;S&atilde;o nomes fortes que n&atilde;o vemos raz&atilde;o para mexer. A integra&ccedil;&atilde;o de produtos tamb&eacute;m ser&aacute; conduzida de forma bastante transparente para evitar qualquer problema com o cliente&quot;, salientou Falco. <\/p>\n<p>A Oi, segundo o executivo, ainda n&atilde;o definiu qual DDD ser&aacute; usado pela nova empresa &#8211; se o 14 da Brasil Telecom ou o 31 da empresa. A companhia possui 18 meses para tomar essa decis&atilde;o. Na pr&oacute;xima semana, acrescentou Falco, o planejamento de integra&ccedil;&atilde;o das empresas estar&aacute; definido e apresentado aos funcion&aacute;rios.<\/p>\n<p>&quot;Vamos integrar as &aacute;reas de TI e de Redes, mas vamos fazer dentro do poss&iacute;vel. J&aacute; temos ci&ecirc;ncia que as plataformas de billing n&atilde;o devem ser integradas. O custo\/benef&iacute;cio n&atilde;o &eacute; interessante&quot;, destacou ainda Falco. A proposta da Oi &eacute; concluir o processo dentro de 18 meses. A nova Oi passa a contar com aproximadamente 68 mil funcion&aacute;rios. <\/p>\n<p>Com rela&ccedil;&atilde;o &agrave;s demiss&otilde;es, Falco foi taxativo.&quot;Vamos manter os empregos como estabelecemos no acordo de compra e conforme a Anatel determinou para conceder a Anu&ecirc;ncia Pr&eacute;via, mas &eacute; claro que haver&aacute; ajustes porque h&aacute; uma fus&atilde;o, mas somos os maiores empregadores do pa&iacute;s e vamos continuar com esta marca&quot;, explicou. <\/p>\n<p>A nova empresa passa a contar com aproximadamente 53 milh&otilde;es de clientes &#8211; 22 milh&otilde;es em telefonia fixa, 27 milh&otilde;es em telefonia m&oacute;vel, 3,7 milh&otilde;es em banda larga e 60 mil em TV por Assinatura. A Oi passa a ter cobertura em 4,8 mil munic&iacute;pios e ter&aacute; uma receita de R$ 29,3 bilh&otilde;es &#8211; bastante semelhante &agrave; da Telef&ocirc;nica no pa&iacute;s &#8211; R$ 28,7 bilh&otilde;es. O grupo Telmex tem uma receita de US$ 20,5 bilh&otilde;es, segundo dados apresentados pela Oi.<\/p>\n","protected":false},"excerpt":{"rendered":"<p>A partir desta sexta-feira (9), a Oi assume oficialmente o controle da Brasil Telecom. A Oi pagou &agrave; vista R$ 5,3 bilh&otilde;es e assumiu uma d&iacute;vida de cerca de R$ 1 bilh&atilde;o da Invitel, ex-controladora da BrT. A Oi acredita que para ficar com o controle total da empresa dever&aacute; gastar cerca de R$ 13 &hellip; <a href=\"https:\/\/obscom.intervozes.org.br\/?p=22359\" class=\"more-link\">Continue lendo <span class=\"screen-reader-text\">Oi divulga primeiros planos para integra\u00e7\u00e3o das empresas e servi\u00e7os<\/span> <span class=\"meta-nav\">&rarr;<\/span><\/a><\/p>\n","protected":false},"author":1,"featured_media":0,"comment_status":"open","ping_status":"open","sticky":false,"template":"","format":"standard","meta":{"footnotes":""},"categories":[40],"tags":[859],"_links":{"self":[{"href":"https:\/\/obscom.intervozes.org.br\/index.php?rest_route=\/wp\/v2\/posts\/22359"}],"collection":[{"href":"https:\/\/obscom.intervozes.org.br\/index.php?rest_route=\/wp\/v2\/posts"}],"about":[{"href":"https:\/\/obscom.intervozes.org.br\/index.php?rest_route=\/wp\/v2\/types\/post"}],"author":[{"embeddable":true,"href":"https:\/\/obscom.intervozes.org.br\/index.php?rest_route=\/wp\/v2\/users\/1"}],"replies":[{"embeddable":true,"href":"https:\/\/obscom.intervozes.org.br\/index.php?rest_route=%2Fwp%2Fv2%2Fcomments&post=22359"}],"version-history":[{"count":0,"href":"https:\/\/obscom.intervozes.org.br\/index.php?rest_route=\/wp\/v2\/posts\/22359\/revisions"}],"wp:attachment":[{"href":"https:\/\/obscom.intervozes.org.br\/index.php?rest_route=%2Fwp%2Fv2%2Fmedia&parent=22359"}],"wp:term":[{"taxonomy":"category","embeddable":true,"href":"https:\/\/obscom.intervozes.org.br\/index.php?rest_route=%2Fwp%2Fv2%2Fcategories&post=22359"},{"taxonomy":"post_tag","embeddable":true,"href":"https:\/\/obscom.intervozes.org.br\/index.php?rest_route=%2Fwp%2Fv2%2Ftags&post=22359"}],"curies":[{"name":"wp","href":"https:\/\/api.w.org\/{rel}","templated":true}]}}