{"id":22358,"date":"2009-01-09T20:06:05","date_gmt":"2009-01-09T20:06:05","guid":{"rendered":"https:\/\/obscom.intervozes.org.br\/wordpress\/?p=22358"},"modified":"2009-01-09T20:06:05","modified_gmt":"2009-01-09T20:06:05","slug":"compra-e-finalizada-apos-8-meses-e-mudancas-nas-regras-das-telecomunicacoes","status":"publish","type":"post","link":"https:\/\/obscom.intervozes.org.br\/?p=22358","title":{"rendered":"Compra \u00e9 finalizada ap\u00f3s 8 meses e mudan\u00e7as nas regras das telecomunica\u00e7\u00f5es"},"content":{"rendered":"<p>   \t \t \t \t \t<!-- \t\t@page { margin: 2cm } \t\tP { margin-bottom: 0.21cm } \t--> <\/p>\n<p style=\"margin-bottom: 0cm\" class=\"western padrao\">Foi conclu&iacute;da na tarde desta quinta-feira (8) a compra da Brasil Telecom (BrT) pela Oi, informam fontes ligadas &agrave; opera&ccedil;&atilde;o. O pagamento pelo controle da concession&aacute;ria do centro-sul foi realizado e a transfer&ecirc;ncia das a&ccedil;&otilde;es leva apenas mais alguns dias, seguindo os tr&acirc;mites da regulamenta&ccedil;&atilde;o do mercado de a&ccedil;&otilde;es. A Oi pagou efetivamente R$ 5,37 bilh&otilde;es. Isso equivale aos R$ 5,86 bilh&otilde;es inicialmente previstos atualizados pela varia&ccedil;&atilde;o da taxa m&eacute;dia di&aacute;ria do certificado de dep&oacute;sito interbancario (CDI) menos a d&iacute;vida l&iacute;quida da Invitel de R$ 998 milh&otilde;es. <\/p>\n<p>Com isso, a Oi agora pode convocar assembl&eacute;ias gerais extraordin&aacute;rias (AGEs) na Brasil Telecom Participa&ccedil;&otilde;es (BTP) e na Brasil Telecom S.A. para definir os novos conselhos de administra&ccedil;&atilde;o.<\/p>\n<p>O neg&oacute;cio foi fechado quase nove meses ap&oacute;s a assinatura do contrato entre as partes, ocorrido em 25 de abril de 2008. Durante esse per&iacute;odo, o governo alterou o Plano Geral de Outorgas (PGO), de forma a permitir que um mesmo grupo econ&ocirc;mico controle at&eacute; duas concession&aacute;rias &#8211; o que era proibido at&eacute; ent&atilde;o. Em seguida, a Oi teve que esperar pela anu&ecirc;ncia da Anatel, o que ocorreu no dia 18 de dezembro, a apenas tr&ecirc;s dias do vencimento do prazo estabelecido no contrato de compra da BrT. A an&aacute;lise da Anatel, ainda assim, se deu em tempo recorde para os padr&otilde;es de pedidos de anu&ecirc;ncia pr&eacute;via, ainda mais com tanta complexidade. <\/p>\n<p>O Minist&eacute;rio P&uacute;blico ainda investiga se a ag&ecirc;ncia seguiu as etapas adequadas na aprova&ccedil;&atilde;o da opera&ccedil;&atilde;o. O Conselho Administrativo de Defesa Econ&ocirc;mica (Cade) ainda far&aacute; a an&aacute;lise concorrencial da fus&atilde;o.<\/p>\n","protected":false},"excerpt":{"rendered":"<p>Foi conclu&iacute;da na tarde desta quinta-feira (8) a compra da Brasil Telecom (BrT) pela Oi, informam fontes ligadas &agrave; opera&ccedil;&atilde;o. O pagamento pelo controle da concession&aacute;ria do centro-sul foi realizado e a transfer&ecirc;ncia das a&ccedil;&otilde;es leva apenas mais alguns dias, seguindo os tr&acirc;mites da regulamenta&ccedil;&atilde;o do mercado de a&ccedil;&otilde;es. A Oi pagou efetivamente R$ 5,37 &hellip; <a href=\"https:\/\/obscom.intervozes.org.br\/?p=22358\" class=\"more-link\">Continue lendo <span class=\"screen-reader-text\">Compra \u00e9 finalizada ap\u00f3s 8 meses e mudan\u00e7as nas regras das telecomunica\u00e7\u00f5es<\/span> <span class=\"meta-nav\">&rarr;<\/span><\/a><\/p>\n","protected":false},"author":1,"featured_media":0,"comment_status":"open","ping_status":"open","sticky":false,"template":"","format":"standard","meta":{"footnotes":""},"categories":[40],"tags":[859],"_links":{"self":[{"href":"https:\/\/obscom.intervozes.org.br\/index.php?rest_route=\/wp\/v2\/posts\/22358"}],"collection":[{"href":"https:\/\/obscom.intervozes.org.br\/index.php?rest_route=\/wp\/v2\/posts"}],"about":[{"href":"https:\/\/obscom.intervozes.org.br\/index.php?rest_route=\/wp\/v2\/types\/post"}],"author":[{"embeddable":true,"href":"https:\/\/obscom.intervozes.org.br\/index.php?rest_route=\/wp\/v2\/users\/1"}],"replies":[{"embeddable":true,"href":"https:\/\/obscom.intervozes.org.br\/index.php?rest_route=%2Fwp%2Fv2%2Fcomments&post=22358"}],"version-history":[{"count":0,"href":"https:\/\/obscom.intervozes.org.br\/index.php?rest_route=\/wp\/v2\/posts\/22358\/revisions"}],"wp:attachment":[{"href":"https:\/\/obscom.intervozes.org.br\/index.php?rest_route=%2Fwp%2Fv2%2Fmedia&parent=22358"}],"wp:term":[{"taxonomy":"category","embeddable":true,"href":"https:\/\/obscom.intervozes.org.br\/index.php?rest_route=%2Fwp%2Fv2%2Fcategories&post=22358"},{"taxonomy":"post_tag","embeddable":true,"href":"https:\/\/obscom.intervozes.org.br\/index.php?rest_route=%2Fwp%2Fv2%2Ftags&post=22358"}],"curies":[{"name":"wp","href":"https:\/\/api.w.org\/{rel}","templated":true}]}}