{"id":22351,"date":"2009-01-08T18:44:47","date_gmt":"2009-01-08T18:44:47","guid":{"rendered":"https:\/\/obscom.intervozes.org.br\/wordpress\/?p=22351"},"modified":"2009-01-08T18:44:47","modified_gmt":"2009-01-08T18:44:47","slug":"tvs-buscam-apoio-estatal-para-ter-espaco-no-sinal-aberto","status":"publish","type":"post","link":"https:\/\/obscom.intervozes.org.br\/?p=22351","title":{"rendered":"TVs buscam apoio estatal para ter espa\u00e7o no sinal aberto"},"content":{"rendered":"<p><span class=\"padrao\">Criadas com a regulamenta&ccedil;&atilde;o da TV a Cabo em 1995, as TVs Comunit&aacute;rias v&ecirc;m por quase 15 anos lutando para conquistar espa&ccedil;o nos canais abertos, onde predominam as grandes redes comerciais. A transi&ccedil;&atilde;o da TV anal&oacute;gica para o sistema digital, em curso no Brasil desde de dezembro de 2007, abre a possibilidade de supera&ccedil;&atilde;o deste obst&aacute;culo pode estar pr&oacute;xima. No entanto, para que isso aconte&ccedil;a, &eacute; necess&aacute;rio um forte apoio do governo federal e dos outros &oacute;rg&atilde;os do Estado.<\/p>\n<p>Esta foi a principal conclus&atilde;o do 6o Congresso da Associa&ccedil;&atilde;o Brasileira de Canais Comunit&aacute;rios (Abccom), realizado nos dias 20 e 21 de dezembro em S&atilde;o Paulo. O encontro debateu como os canais comunit&aacute;rios devem entrar no novo ambiente da TV digital e os caminhos para garantir esta presen&ccedil;a. &ldquo;A chegada da TV digital &eacute; uma oportunidade pelo fato deste novo sistema multiplicar canais e abrir espa&ccedil;os para novos agentes. Para que isso ocorra, as pol&iacute;ticas p&uacute;blicas relacionadas &agrave; transi&ccedil;&atilde;o para esta nova tecnologia devem incluir as TVs comunit&aacute;rias. Vamos fazer esfor&ccedil;o para encorajar o governo em dire&ccedil;&atilde;o &agrave; abertura de espa&ccedil;os para a TV Comunit&aacute;ria neste novo ambiente&rdquo;, afirmou Beto Almeida, presidente da TV Cidade Livre, de Bras&iacute;lia.<\/p>\n<p>Para obter &ecirc;xito nesta empreitada, as TVs comunit&aacute;rias v&atilde;o buscar junto ao governo e &agrave;s emissoras p&uacute;blicas espa&ccedil;os em seus canais digitais. Em novembro, foi assinado um protocolo para a constru&ccedil;&atilde;o de uma infra-estrutura comum de transmiss&atilde;o envolvendo as TVs Brasil, C&acirc;mara, Senado e Justi&ccedil;a, al&eacute;m do Minist&eacute;rio da Educa&ccedil;&atilde;o e do Minist&eacute;rio das Comunica&ccedil;&otilde;es, que ficar&aacute; respons&aacute;vel pelo Canal da Cidadania previsto no Decreto que cria&ccedil;&atilde;o do Sistema Brasileiro de TV Digital Terrestre (SBTVD-T).<\/p>\n<p>&Eacute; este canal a chance mais prov&aacute;vel de as TVs comunit&aacute;rias passarem a participar do sistema de televis&atilde;o aberta at&eacute; o momento. Todavia, representantes do Minist&eacute;rio das Comunica&ccedil;&otilde;es j&aacute; declararam que ele n&atilde;o ser&aacute; a simples transi&ccedil;&atilde;o destas emissoras para o sinal aberto, mas sim que o Canal da Cidadania dever&aacute; incorporar conte&uacute;dos delas em parte de sua programa&ccedil;&atilde;o. Nos bastidores, os respons&aacute;veis pelo projeto na pasta t&ecirc;m afirmado que tal participa&ccedil;&atilde;o dever&aacute; se dar com a veicula&ccedil;&atilde;o de cerca de tr&ecirc;s horas di&aacute;rias da grade do novo canal.<\/p>\n<p>&ldquo;A participa&ccedil;&atilde;o no Canal da Cidadania em tempo integral ser&aacute; muito dif&iacute;cil, porque ele &eacute; dedicado a outras finalidades previstas no decreto, como os legislativos locais, e tende a haver uma concorr&ecirc;ncia pelo hor&aacute;rio&rdquo;, especula Paulo Miranda, 1o vice-presidente da Abccom. O Decreto 5820\/2006, que criou o SBTVD-T, estabelece que o canal da cidadania deve, al&eacute;m de veicular as atividades da comunidade local, assegurar a &ldquo;divulga&ccedil;&atilde;o de atos, trabalhos, projetos, sess&otilde;es e eventos dos poderes p&uacute;blicos federal, estadual e municipal&rdquo;. <\/p>\n<p>Frente a este quadro, uma alternativa seria pleitear uma das programa&ccedil;&otilde;es do Canal da Cidadania para as TVs comunit&aacute;rias. &ldquo;Para n&oacute;s, o melhor seria correr em raia pr&oacute;pria, aproveitando o espa&ccedil;o criado por esta infra-estrutura comum das TVs p&uacute;blicas, que deve ampliar fortemente seu alcance at&eacute; 2010&rdquo;, acrescenta Miranda. Como o congresso da Abccom n&atilde;o chegou a uma resolu&ccedil;&atilde;o sobre o assunto, as emissoras associadas dever&atilde;o finalizar uma proposta nos pr&oacute;ximos meses para apresentar ao governo.<\/p>\n<p><strong>Parcerias<\/strong><\/p>\n<p>Outro caminho aventado &eacute; a busca de espa&ccedil;o nos canais digitais das emissoras p&uacute;blicas. Em uma das mesas, dirigentes das emissoras comunit&aacute;rias defenderam que a TV Brasil abrigue no seu canal digital as TVs comunit&aacute;rias como uma das programa&ccedil;&otilde;es. A sugest&atilde;o foi recusada pelo representante da Empresa Brasil de Comunica&ccedil;&atilde;o (EBC), mantenedora da TV Brasil, presente ao Congresso, Jos&eacute; Roberto Garcez.<\/p>\n<p>O presidente da C&acirc;mara dos Deputados, Arlindo Chinaglia, anunciou que tentar&aacute;, em seus &uacute;ltimos dias no cargo, articular uma parceria entre as emissoras comunit&aacute;rias e a TV C&acirc;mara para a veicula&ccedil;&atilde;o de conte&uacute;dos produzidos por aquelas na emissora da casa legislativa. &ldquo;Quem sabe atrav&eacute;s da TV C&acirc;mara a gente possa tamb&eacute;m abrir um espa&ccedil;o para as TVs comunit&aacute;rias, instrumentos importantes para a democratiza&ccedil;&atilde;o da informa&ccedil;&atilde;o&rdquo;, disse Chinaglia.<\/p>\n<p>Para o presidente eleito da Abccom, Edivaldo Farias, as possibilidades de parceria s&atilde;o sinais positivos de importantes avan&ccedil;os no ano de 2009. &ldquo;Estas parcerias propostas pela TV C&acirc;mara e pela TV Brasil s&atilde;o &oacute;timos sinais que, no ano de 2009, n&oacute;s estaremos no sinal aberto na TV digital&rdquo;, avaliou.<\/p>\n<p>Em suas falas durante o congresso, ele repetiu a recorrente cr&iacute;tica do setor sobre a contradi&ccedil;&atilde;o das TV comunit&aacute;rias, que devem atender a comunidade, estarem restritas apenas ao cabo, estando limitadas apenas &agrave;s pessoas que podem pagar por este servi&ccedil;o.<\/p>\n<p><strong>Regulamenta&ccedil;&atilde;o<\/strong><\/p>\n<p>Como n&atilde;o existe na legisla&ccedil;&atilde;o a figura de TV comunit&aacute;ria na radiodifus&atilde;o aberta que possa embasar legalmente a presen&ccedil;a destas emissoras na TV digital, a Abccom tamb&eacute;m deve voltar seus esfor&ccedil;os &agrave; interven&ccedil;&atilde;o no Congresso Nacional neste ano. Durante o congresso, foi discutida uma proposta de lei, elaborada pelo engenheiro e pesquisador na &aacute;rea Takashi Tome, para instituir no marco regulat&oacute;rio da comunica&ccedil;&atilde;o o servi&ccedil;o de televis&atilde;o comunit&aacute;ria. <\/p>\n<p>O texto prev&ecirc; um servi&ccedil;o com cobertura m&aacute;xima dos limites geogr&aacute;ficos do munic&iacute;pio, mas que poderia ser desmembrado para operar em uma &aacute;rea menor. A defini&ccedil;&atilde;o da &aacute;rea de opera&ccedil;&atilde;o ficaria a cargo de Conselhos Municipais de Comunica&ccedil;&atilde;o e a outorga seria dada pelos poderes municipais. Os canais seriam operados por entidades criadas para tal fim, compostas por associa&ccedil;&otilde;es de bairro, sindicatos, escolas p&uacute;blicas e organiza&ccedil;&otilde;es n&atilde;o-governamentais (ONGs). <\/p>\n<p>A programa&ccedil;&atilde;o privilegiaria o debate sobre os temas locais, garantindo a pluralidade de vis&otilde;es e opini&otilde;es no jornalismo e nos outros tipos de programas. O financiamento seria feito por meio de publicidade, patroc&iacute;nio e apoio cultural que poderiam ser dados apenas por micro e pequenas empresas, &oacute;rg&atilde;os estatais e organiza&ccedil;&otilde;es n&atilde;o-governamentais.<\/p>\n<p><strong>Nova diretoria<\/strong><\/p>\n<p>Segundo Paulo Miranda, o congresso conseguiu qualificar a organiza&ccedil;&atilde;o da Abccom, definindo uma agenda para o ano e elegendo uma nova diretoria. Ela &eacute; composta por Edivaldo Farias, da TV Com de Belo Horizonte, como presidente; Paulo Miranda, da TV Cidade Livre de Bras&iacute;lia, como 1o Vice-Presidente; Lilia Gallana, da TV Comunit&aacute;ria de S&atilde;o Paulo, como 2a Vice-presidente; e Oscar Plentz, da TV Comunit&aacute;ria de Porto Alegre, como Secret&aacute;rio-Geral. &ldquo;Nosso desafio agora &eacute; dar maior organicidade, melhorar a organiza&ccedil;&atilde;o e a mobiliza&ccedil;&atilde;o das TVs comunit&aacute;rias&rdquo;, aponta Miranda.<\/span><\/p>\n","protected":false},"excerpt":{"rendered":"<p>Transi\u00e7\u00e3o para o sistema digital abre possibilidades para que canais comunit\u00e1rios deixem de estar dispon\u00edveis apenas no cabo, mas \u00e9 preciso pressionar por pol\u00edticas p\u00fablicas adequadas para aproveit\u00e1-las<\/p>\n","protected":false},"author":1,"featured_media":0,"comment_status":"open","ping_status":"open","sticky":false,"template":"","format":"standard","meta":{"footnotes":""},"categories":[40],"tags":[155],"_links":{"self":[{"href":"https:\/\/obscom.intervozes.org.br\/index.php?rest_route=\/wp\/v2\/posts\/22351"}],"collection":[{"href":"https:\/\/obscom.intervozes.org.br\/index.php?rest_route=\/wp\/v2\/posts"}],"about":[{"href":"https:\/\/obscom.intervozes.org.br\/index.php?rest_route=\/wp\/v2\/types\/post"}],"author":[{"embeddable":true,"href":"https:\/\/obscom.intervozes.org.br\/index.php?rest_route=\/wp\/v2\/users\/1"}],"replies":[{"embeddable":true,"href":"https:\/\/obscom.intervozes.org.br\/index.php?rest_route=%2Fwp%2Fv2%2Fcomments&post=22351"}],"version-history":[{"count":0,"href":"https:\/\/obscom.intervozes.org.br\/index.php?rest_route=\/wp\/v2\/posts\/22351\/revisions"}],"wp:attachment":[{"href":"https:\/\/obscom.intervozes.org.br\/index.php?rest_route=%2Fwp%2Fv2%2Fmedia&parent=22351"}],"wp:term":[{"taxonomy":"category","embeddable":true,"href":"https:\/\/obscom.intervozes.org.br\/index.php?rest_route=%2Fwp%2Fv2%2Fcategories&post=22351"},{"taxonomy":"post_tag","embeddable":true,"href":"https:\/\/obscom.intervozes.org.br\/index.php?rest_route=%2Fwp%2Fv2%2Ftags&post=22351"}],"curies":[{"name":"wp","href":"https:\/\/api.w.org\/{rel}","templated":true}]}}