{"id":22338,"date":"2009-01-06T16:39:51","date_gmt":"2009-01-06T16:39:51","guid":{"rendered":"https:\/\/obscom.intervozes.org.br\/wordpress\/?p=22338"},"modified":"2009-01-06T16:39:51","modified_gmt":"2009-01-06T16:39:51","slug":"reserva-para-inclusao-digital-divide-opinioes-na-consulta-publica-sobre-faixa-de-35-mhz","status":"publish","type":"post","link":"https:\/\/obscom.intervozes.org.br\/?p=22338","title":{"rendered":"Reserva para inclus\u00e3o digital divide opini\u00f5es na consulta p\u00fablica sobre faixa de 3,5 MHz"},"content":{"rendered":"<p>   \t \t \t \t \t<!-- \t\t@page { margin: 2cm } \t\tP { margin-bottom: 0.21cm } \t--> \t   <\/p>\n<p style=\"margin-bottom: 0cm\" class=\"western padrao\">A destina&ccedil;&atilde;o de uma subfaixa em 3,5 GHz para projetos de inclus&atilde;o digital dividiu opini&otilde;es na consulta p&uacute;blica sobre as novas condi&ccedil;&otilde;es de uso da faixa, encerrada na segunda-feira (5) pela Ag&ecirc;ncia Nacional de Telecomunica&ccedil;os (Anatel). O texto prop&otilde;e que 10 MHz do espectro de 3,5 GHz seja destinado ao Poder P&uacute;blico para promo&ccedil;&atilde;o de projetos de inclus&atilde;o digital, a ser explorado direta ou indiretamente por empresas p&uacute;blicas. Com isso, as institui&ccedil;&otilde;es p&uacute;blicas poderiam contratar a implementa&ccedil;&atilde;o de terceiros. As operadoras de telecomunica&ccedil;&otilde;es criticaram a proposta, enquanto &oacute;rg&atilde;os de governo e o CPqD foram favor&aacute;veis &agrave; id&eacute;ia.<\/p>\n<p>A Telef&ocirc;nica alega que esta reserva ao Poder P&uacute;blico encontra fragilidade legal, uma vez que as empresas p&uacute;blicas estariam explorando servi&ccedil;os de telecomunica&ccedil;&otilde;es prestados em regime privado. A operadora prop&otilde;e que sejam planejados processos licitat&oacute;rios espec&iacute;ficos para a subfaixa, sem inger&ecirc;ncia das empresas p&uacute;blicas. A sugest&atilde;o da Nokia-Siemens segue a mesma linha ao propor que as faixas de espectro sejam disponibilizadas integralmente &agrave; iniciativa privada, cabendo ao poder p&uacute;blicos propiciar condi&ccedil;&otilde;es de est&iacute;mulo para que o mercado trabalhe alinhado aos interesses p&uacute;blicos.<\/p>\n<p>A Claro destaca que as operadoras podem conferir maior escala, agilidade e efici&ecirc;ncia &agrave;s iniciativas de inclus&atilde;o digital. &ldquo;&Eacute; importante que a iniciativa p&uacute;blica n&atilde;o concorra com a iniciativa privada para a presta&ccedil;&atilde;o dos mesmos servi&ccedil;os sob pena de serem gerados s&eacute;rios desequil&iacute;brios econ&ocirc;micos e concorrenciais&rdquo;, destaca a contribui&ccedil;&atilde;o da operadora. <\/p>\n<p>O CPqD, por sua vez, ap&oacute;ia a reserva da faixa e sugere estender a possibilidade &agrave;s concession&aacute;rias p&uacute;blicas do setor de energia, por exemplo, o que ampliaria as possibilidades de explora&ccedil;&atilde;o dos servi&ccedil;os. O Minist&eacute;rio do Planejamento e a Secretaria de Estado de Ci&ecirc;ncia e Tecnologia do Distrito Federal n&atilde;o s&oacute; ap&oacute;iam a reserva como pedem que a faixa seja ampliada, possibilitando a oferta de servi&ccedil;os que necessitam de maior banda, como telemedicina, teleeduca&ccedil;&atilde;o, videoconfer&ecirc;ncia, etc.<\/p>\n<p>A solicita&ccedil;&atilde;o da Anatel para que o mercado contribua com sugest&otilde;es sobre mecanismos de est&iacute;mulo &agrave; pesquisa e desenvolvimento mereceu aten&ccedil;&atilde;o especial dos fabricantes nacionais de solu&ccedil;&otilde;es para a faixa de 3,5 GHz. A WNI, do Paran&aacute;, sugere que as empresas vencedoras do leil&atilde;o adquiram pelo menos 50% de suas redes WiMAX em produtos de empresas brasileiras, com produ&ccedil;&atilde;o comprovadamente em territ&oacute;rio nacional. <\/p>\n<p>A manifesta&ccedil;&atilde;o da WxBR segue a mesma linha, mas sugere a cota de 25% para os produtos nacionais. A sugest&atilde;o se repete no CPqD, que trabalha em P&amp;D de uma solu&ccedil;&atilde;o de WiMAX genuinamente nacional.  <\/p>\n","protected":false},"excerpt":{"rendered":"<p>A destina&ccedil;&atilde;o de uma subfaixa em 3,5 GHz para projetos de inclus&atilde;o digital dividiu opini&otilde;es na consulta p&uacute;blica sobre as novas condi&ccedil;&otilde;es de uso da faixa, encerrada na segunda-feira (5) pela Ag&ecirc;ncia Nacional de Telecomunica&ccedil;os (Anatel). O texto prop&otilde;e que 10 MHz do espectro de 3,5 GHz seja destinado ao Poder P&uacute;blico para promo&ccedil;&atilde;o de &hellip; <a href=\"https:\/\/obscom.intervozes.org.br\/?p=22338\" class=\"more-link\">Continue lendo <span class=\"screen-reader-text\">Reserva para inclus\u00e3o digital divide opini\u00f5es na consulta p\u00fablica sobre faixa de 3,5 MHz<\/span> <span class=\"meta-nav\">&rarr;<\/span><\/a><\/p>\n","protected":false},"author":1,"featured_media":0,"comment_status":"open","ping_status":"open","sticky":false,"template":"","format":"standard","meta":{"footnotes":""},"categories":[40],"tags":[575],"_links":{"self":[{"href":"https:\/\/obscom.intervozes.org.br\/index.php?rest_route=\/wp\/v2\/posts\/22338"}],"collection":[{"href":"https:\/\/obscom.intervozes.org.br\/index.php?rest_route=\/wp\/v2\/posts"}],"about":[{"href":"https:\/\/obscom.intervozes.org.br\/index.php?rest_route=\/wp\/v2\/types\/post"}],"author":[{"embeddable":true,"href":"https:\/\/obscom.intervozes.org.br\/index.php?rest_route=\/wp\/v2\/users\/1"}],"replies":[{"embeddable":true,"href":"https:\/\/obscom.intervozes.org.br\/index.php?rest_route=%2Fwp%2Fv2%2Fcomments&post=22338"}],"version-history":[{"count":0,"href":"https:\/\/obscom.intervozes.org.br\/index.php?rest_route=\/wp\/v2\/posts\/22338\/revisions"}],"wp:attachment":[{"href":"https:\/\/obscom.intervozes.org.br\/index.php?rest_route=%2Fwp%2Fv2%2Fmedia&parent=22338"}],"wp:term":[{"taxonomy":"category","embeddable":true,"href":"https:\/\/obscom.intervozes.org.br\/index.php?rest_route=%2Fwp%2Fv2%2Fcategories&post=22338"},{"taxonomy":"post_tag","embeddable":true,"href":"https:\/\/obscom.intervozes.org.br\/index.php?rest_route=%2Fwp%2Fv2%2Ftags&post=22338"}],"curies":[{"name":"wp","href":"https:\/\/api.w.org\/{rel}","templated":true}]}}