{"id":22337,"date":"2009-01-06T16:37:03","date_gmt":"2009-01-06T16:37:03","guid":{"rendered":"https:\/\/obscom.intervozes.org.br\/wordpress\/?p=22337"},"modified":"2009-01-06T16:37:03","modified_gmt":"2009-01-06T16:37:03","slug":"mobilidade-e-foco-de-manifestacoes-na-consulta-publica-sobre-faixa-de-35-ghz","status":"publish","type":"post","link":"https:\/\/obscom.intervozes.org.br\/?p=22337","title":{"rendered":"Mobilidade \u00e9 foco de manifesta\u00e7\u00f5es na consulta p\u00fablica sobre faixa de 3,5 GHz"},"content":{"rendered":"<p>   \t \t \t \t \t<!-- \t\t@page { margin: 2cm } \t\tP { margin-bottom: 0.21cm } \t--> \t  <\/p>\n<p style=\"margin-bottom: 0cm\" class=\"western padrao\">A consulta p&uacute;blica que prop&otilde;e atribuir a faixa de 3,5 GHz ao Servi&ccedil;o M&oacute;vel Pessoal (SMP) recebeu mais de 200 contribui&ccedil;&otilde;es, reunindo manifesta&ccedil;&otilde;es de operadoras m&oacute;veis e fixas, fabricantes, associa&ccedil;&otilde;es de classe, institutos de pesquisa e provedores de servi&ccedil;o de internet. A quest&atilde;o da mobilidade concentrou um grande n&uacute;mero de contribui&ccedil;&otilde;es, assim como a necessidade de se distinguir compromissos de abrang&ecirc;ncia para operadoras fixas e m&oacute;veis. <\/p>\n<p>A Claro, por exemplo, prop&otilde;e que as faixas sejam divididas, cabendo parte &agrave;s operadoras fixas e parte &agrave;s m&oacute;veis. Tal divis&atilde;o, na avalia&ccedil;&atilde;o da empresa, proporcionaria &agrave; Ag&ecirc;ncia Nacional de Telecomunica&ccedil;&otilde;es (Anatel), no momento da outorga das radiofrequ&ecirc;ncias, a possibilidade de propor compromissos de abrang&ecirc;ncia e valores diferenciados entre os dois segmentos. A preocupa&ccedil;&atilde;o da empresa repousa no fato de que o SMP j&aacute; assumiu metas de cobertura e desembolsou valores relevantes no leil&atilde;o das faixas de terceira gera&ccedil;&atilde;o.<\/p>\n<p>A Qualcomm vai mais longe, ao considerar desnecess&aacute;ria a destina&ccedil;&atilde;o da faixa de 3,5 GHz ao SMP. A empresa considera a medida &ldquo;prematura&rdquo;, por avaliar que as aplica&ccedil;&otilde;es para as quais a faixa tem atratividade, no momento, s&atilde;o apenas fixas e\/ou nom&aacute;dicas. Com isso, destaca a Qualcomm, basta manter a possibilidade de uso da faixa com mobilidade restrita, o que j&aacute; permitido pela resolu&ccedil;&atilde;o 416. A empresa defende que a faixa de 2,5 GHz seja destinada ao SMP, e n&atilde;o a de 3,5 GHz. Outro fabricante, a Ericsson, prop&otilde;e que as condi&ccedil;&otilde;es de uso da faixa de 3,5 GHz n&atilde;o sejam definidas sem que antes a Anatel equacione o uso da faixa de 2,5 GHz. <\/p>\n<p>A contribui&ccedil;&atilde;o da Vivo tamb&eacute;m explicita a preocupa&ccedil;&atilde;o quanto &agrave; mobilidade, mas no que se refere ao STFC. Uma vez que o texto em consulta d&aacute; margem ao fim da restri&ccedil;&atilde;o de mobilidade na faixa de 3,5 GHz, a operadora destaca que isso pode descaracterizar o servi&ccedil;o fixo, dando a ele a mobilidade pr&oacute;pria dos servi&ccedil;os m&oacute;veis. A Vivo lembra o caso da V&eacute;sper, no qual n&atilde;o foi poss&iacute;vel cumprir de maneira efetiva a restri&ccedil;&atilde;o de mobilidade. &ldquo;Em qualquer cen&aacute;rio diferente do tradicional, a implanta&ccedil;&atilde;o da mobilidade deve implicar em pagamentos mais elevados pelas outorgas do servi&ccedil;o e direito de uso de radiofreq&uuml;&ecirc;ncias associadas, e em imposi&ccedil;&otilde;es de metas de qualidade e de cobertura mais r&iacute;gidas, dentre outros&rdquo;, destaca a contribui&ccedil;&atilde;o da operadora, que sugere a segmenta&ccedil;&atilde;o do espectro de 3,5 GHz de forma a n&atilde;o descaracterizar as outorgas.<\/p>\n<p>Claro, Cisco, Intelig, Nokia-Siemens e Brasil Telecom, entre outras empresas, tamb&eacute;m manifestam preocupa&ccedil;&atilde;o quanto ao fato de o regulamento eliminar a mobilidade restrita, e pedem que a Anatel considerem a caracter&iacute;stica nom&aacute;dica das solu&ccedil;&otilde;es.<\/p>\n","protected":false},"excerpt":{"rendered":"<p>A consulta p&uacute;blica que prop&otilde;e atribuir a faixa de 3,5 GHz ao Servi&ccedil;o M&oacute;vel Pessoal (SMP) recebeu mais de 200 contribui&ccedil;&otilde;es, reunindo manifesta&ccedil;&otilde;es de operadoras m&oacute;veis e fixas, fabricantes, associa&ccedil;&otilde;es de classe, institutos de pesquisa e provedores de servi&ccedil;o de internet. A quest&atilde;o da mobilidade concentrou um grande n&uacute;mero de contribui&ccedil;&otilde;es, assim como a necessidade &hellip; <a href=\"https:\/\/obscom.intervozes.org.br\/?p=22337\" class=\"more-link\">Continue lendo <span class=\"screen-reader-text\">Mobilidade \u00e9 foco de manifesta\u00e7\u00f5es na consulta p\u00fablica sobre faixa de 3,5 GHz<\/span> <span class=\"meta-nav\">&rarr;<\/span><\/a><\/p>\n","protected":false},"author":1,"featured_media":0,"comment_status":"open","ping_status":"open","sticky":false,"template":"","format":"standard","meta":{"footnotes":""},"categories":[40],"tags":[575],"_links":{"self":[{"href":"https:\/\/obscom.intervozes.org.br\/index.php?rest_route=\/wp\/v2\/posts\/22337"}],"collection":[{"href":"https:\/\/obscom.intervozes.org.br\/index.php?rest_route=\/wp\/v2\/posts"}],"about":[{"href":"https:\/\/obscom.intervozes.org.br\/index.php?rest_route=\/wp\/v2\/types\/post"}],"author":[{"embeddable":true,"href":"https:\/\/obscom.intervozes.org.br\/index.php?rest_route=\/wp\/v2\/users\/1"}],"replies":[{"embeddable":true,"href":"https:\/\/obscom.intervozes.org.br\/index.php?rest_route=%2Fwp%2Fv2%2Fcomments&post=22337"}],"version-history":[{"count":0,"href":"https:\/\/obscom.intervozes.org.br\/index.php?rest_route=\/wp\/v2\/posts\/22337\/revisions"}],"wp:attachment":[{"href":"https:\/\/obscom.intervozes.org.br\/index.php?rest_route=%2Fwp%2Fv2%2Fmedia&parent=22337"}],"wp:term":[{"taxonomy":"category","embeddable":true,"href":"https:\/\/obscom.intervozes.org.br\/index.php?rest_route=%2Fwp%2Fv2%2Fcategories&post=22337"},{"taxonomy":"post_tag","embeddable":true,"href":"https:\/\/obscom.intervozes.org.br\/index.php?rest_route=%2Fwp%2Fv2%2Ftags&post=22337"}],"curies":[{"name":"wp","href":"https:\/\/api.w.org\/{rel}","templated":true}]}}