{"id":22330,"date":"2009-01-05T19:40:14","date_gmt":"2009-01-05T19:40:14","guid":{"rendered":"https:\/\/obscom.intervozes.org.br\/wordpress\/?p=22330"},"modified":"2009-01-05T19:40:14","modified_gmt":"2009-01-05T19:40:14","slug":"comissao-mantem-inalterado-horario-de-veiculacao-de-a-voz-do-brasil","status":"publish","type":"post","link":"https:\/\/obscom.intervozes.org.br\/?p=22330","title":{"rendered":"Comiss\u00e3o mant\u00e9m inalterado hor\u00e1rio de veicula\u00e7\u00e3o de &#8216;A Voz do Brasil&#8217;"},"content":{"rendered":"<p>   \t \t \t \t \t<!-- \t\t@page { margin: 2cm } \t\tP { margin-bottom: 0.21cm } \t--> \t  <\/p>\n<p style=\"margin-bottom: 0cm\" class=\"western padrao\">No apagar das luzes do ano legislativo, importante decis&atilde;o da Comiss&atilde;o de Ci&ecirc;ncia e Tecnologia, Comunica&ccedil;&atilde;o e Inform&aacute;tica (CCTCI) da C&acirc;mara dos Deputados, em sess&atilde;o do dia 17\/12, n&atilde;o teve repercuss&atilde;o na grande m&iacute;dia. O Projeto de Lei 2007\/07, que acabava com a exig&ecirc;ncia da transmiss&atilde;o do programa A Voz do Brasil &agrave;s 19 horas, foi rejeitado. A proposta tramitava &quot;em car&aacute;ter conclusivo&quot; e ser&aacute; arquivada.<\/p>\n<p>O PL 2.007\/07, de autoria do deputado Carlos Bezerra (PMDB-MT) &ndash;, ao qual foi apensado o PL 2.680\/07, do radialista e apresentador de TV deputado Cristiano Matheus (PMDB-AL), com o mesmo objetivo &ndash; alterava a reda&ccedil;&atilde;o das al&iacute;neas e e f do Artigo 38 do C&oacute;digo Brasileiro de Telecomunica&ccedil;&otilde;es (Lei 4.117\/62), que passariam a vigorar com a seguinte reda&ccedil;&atilde;o:<\/p>\n<p>&quot;e) as emissoras de radiodifus&atilde;o, exclu&iacute;das as de televis&atilde;o, s&atilde;o obrigadas a retransmitir, diariamente, no per&iacute;odo compreendido entre as dezenove e vinte e duas horas, exceto aos s&aacute;bados, domingos e feriados, durante uma hora, o programa oficial de informa&ccedil;&otilde;es dos Poderes da Rep&uacute;blica A Voz do Brasil, podendo reservar at&eacute; dez minutos do tempo destinado ao notici&aacute;rio preparado pelas duas Casas do Congresso Nacional para divulga&ccedil;&atilde;o em cada unidade da federa&ccedil;&atilde;o de not&iacute;cias das atividades parlamentares de seus respectivos representantes.<\/p>\n<p>f) opcionalmente, as emissoras poder&atilde;o retransmitir, durante sua programa&ccedil;&atilde;o di&aacute;ria normal e no per&iacute;odo compreendido entre as oito e dezenove horas, fora da cadeia nacional, at&eacute; dez minutos do programa A Voz do Brasil reservados ao Congresso Nacional, em pequenos segmentos de informa&ccedil;&atilde;o, divulgando em cada unidade da federa&ccedil;&atilde;o, not&iacute;cias das atividades parlamentares de seus respectivos representantes na forma prevista em ato do Poder Legislativo.&quot;<\/p>\n<p><strong>Por que mudar<\/strong><\/p>\n<p>Tratava-se, na verdade, da famosa &quot;flexibiliza&ccedil;&atilde;o&quot; do hor&aacute;rio de transmiss&atilde;o do tradicional e popular programa radiof&ocirc;nico que h&aacute; alguns anos se transformou numa das bandeiras dos empres&aacute;rios de m&iacute;dia &ndash; e de seus aliados &ndash; contra a interfer&ecirc;ncia do Estado, que consideram indevida, na programa&ccedil;&atilde;o das emissoras concession&aacute;rias do servi&ccedil;o p&uacute;blico de radiodifus&atilde;o.<\/p>\n<p>Na justificativa de seu projeto, o deputado Carlos Bezerra n&atilde;o apresenta maiores explica&ccedil;&otilde;es sobre as raz&otilde;es da proposta. Apenas reafirma a import&acirc;ncia do programa radiof&ocirc;nico e descreve o que prop&otilde;e.<\/p>\n<p>&quot;O presente Projeto de Lei pretende compreender todas essas facetas de interesse, de dois modos. Primeiro, ampliando, para as emissoras, o per&iacute;odo em que poder&atilde;o veicular o programa; seja no hor&aacute;rio tradicional, integrando-se &agrave; cadeia nacional, seja utilizando outro hor&aacute;rio, &agrave; sua escolha dentro do per&iacute;odo compreendido entre as dezenove e vinte e duas horas. Segundo, permitindo que as empresas optem por transmitir durante sua programa&ccedil;&atilde;o di&aacute;ria normal, at&eacute; dez dos trinta minutos do programa A Voz do Brasil destinados ao Congresso Nacional em pequenos segmentos chamados de spots, divulgando principalmente, em cada unidade da federa&ccedil;&atilde;o, not&iacute;cias das atividades parlamentares de seus respectivos representantes, conforme regulamenta&ccedil;&atilde;o a ser estabelecida pelo Poder Legislativo.&quot;<\/p>\n<p>Por outro lado, o parecer do relator deputado Ratinho J&uacute;nior (PSC-PR) pela aprova&ccedil;&atilde;o do projeto principal e do apensado, com substitutivo, repetiu os argumentos que t&ecirc;m sido apresentados rotineiramente pelos radiodifusores e dilatou o per&iacute;odo para a retransmiss&atilde;o do programa para cinco horas, isto &eacute;, entre as 19 e 24 horas. Diz o parecer:<\/p>\n<p>&quot;As proposi&ccedil;&otilde;es questionam (&#8230;) a rigidez do hor&aacute;rio de retransmiss&atilde;o, com a argumenta&ccedil;&atilde;o de que as diferentes regi&otilde;es do Brasil podem apresentar necessidades diversas, pois no in&iacute;cio da noite, enquanto nas grandes cidades h&aacute; uma intensa e estressante movimenta&ccedil;&atilde;o na luta di&aacute;ria contra o congestionamento do tr&acirc;nsito, em cidades menores, ou na zona rural, a realidade e os anseios s&atilde;o outros. N&atilde;o temos d&uacute;vidas de que &eacute; fundamental modernizar e adequar a legisla&ccedil;&atilde;o &agrave;s novas exig&ecirc;ncias da sociedade. Entendemos que flexibilizar o hor&aacute;rio n&atilde;o provocar&aacute; qualquer comprometimento da audi&ecirc;ncia m&eacute;dia da programa&ccedil;&atilde;o. (&#8230;) Estamos convencidos de que a audi&ecirc;ncia ser&aacute; ainda maior com as altera&ccedil;&otilde;es propostas. Afinal, muitas mat&eacute;rias de interesse pessoal de um ouvinte ou de grupos ser&atilde;o procuradas nas emissoras em hor&aacute;rios posteriores. Hoje, quando se perde a informa&ccedil;&atilde;o, o grande p&uacute;blico n&atilde;o a recupera mais, n&atilde;o consegue ouvi-la novamente. Ademais, para as emissoras &eacute; fundamental ter certa liberdade na programa&ccedil;&atilde;o, mantendo o respeito a determinados par&acirc;metros, pois &eacute; uma forma objetiva de otimizar seu planejamento e a gest&atilde;o de recursos. (&#8230;) A nossa convic&ccedil;&atilde;o, no entanto, &eacute; a de que a flexibiliza&ccedil;&atilde;o ser&aacute; mais produtiva e os resultados mais pr&aacute;ticos se ocorrer em per&iacute;odo cont&iacute;nuo, por uma hora, como hoje, mas a partir das dezenove horas at&eacute; o limite das vinte e quatro horas.&quot;<\/p>\n<p><strong>Por que n&atilde;o mudar<\/strong><\/p>\n<p>Rejeitado o substitutivo de Ratinho Junior, o deputado Miro Teixeira (PDT-RJ) foi designado para apresentar o parecer vencedor. Na justificativa de seu voto, simplesmente afirmou:<\/p>\n<p>&quot;Ouvir o programa A Voz do Brasil &agrave;s 19h &eacute; um h&aacute;bito que j&aacute; faz parte da cultura nacional h&aacute; muitas d&eacute;cadas. Modificar o hor&aacute;rio seria provocar uma mudan&ccedil;a que consideramos indevida e que prejudicaria milh&otilde;es de brasileiros.&quot;<\/p>\n<p><strong>Assunto encerrado?<\/strong><\/p>\n<p>Al&eacute;m de reivindica&ccedil;&atilde;o de &quot;determinados setores do empresariado da comunica&ccedil;&atilde;o&quot;, o projeto de flexibiliza&ccedil;&atilde;o do hor&aacute;rio do programa A Voz do Brasil foi, na verdade, o primeiro teste legislativo, embora indireto, da nova tese jur&iacute;dica que desobriga o sistema privado de radiodifus&atilde;o de servir ao interesse p&uacute;blico (ver, neste <em>Observat&oacute;rio<\/em>, <a href=\"http:\/\/www.observatoriodaimprensa.com.br\/artigos.asp?cod=514IPB001\" target=\"_blank\">&quot;Novo conceito jur&iacute;dico para sistema privado de TV&quot;<\/a> ). E foi derrotado.<\/p>\n<p>Se considerarmos, no entanto, que se trata de bandeira encampada pela mais poderosa associa&ccedil;&atilde;o de empres&aacute;rios de radiodifus&atilde;o do pa&iacute;s, a Abert, devemos esperar que tanto a &quot;flexibiliza&ccedil;&atilde;o&quot; quanto o novo conceito jur&iacute;dico retornar&atilde;o em outros projetos de lei. &Eacute; assim que tem sido e &eacute; assim que continuar&aacute; a ser quando se trata dos interesses do sistema privado de radiodifus&atilde;o no pa&iacute;s.<\/p>\n","protected":false},"excerpt":{"rendered":"<p>No apagar das luzes do ano legislativo, importante decis&atilde;o da Comiss&atilde;o de Ci&ecirc;ncia e Tecnologia, Comunica&ccedil;&atilde;o e Inform&aacute;tica (CCTCI) da C&acirc;mara dos Deputados, em sess&atilde;o do dia 17\/12, n&atilde;o teve repercuss&atilde;o na grande m&iacute;dia. O Projeto de Lei 2007\/07, que acabava com a exig&ecirc;ncia da transmiss&atilde;o do programa A Voz do Brasil &agrave;s 19 horas, &hellip; <a href=\"https:\/\/obscom.intervozes.org.br\/?p=22330\" class=\"more-link\">Continue lendo <span class=\"screen-reader-text\">Comiss\u00e3o mant\u00e9m inalterado hor\u00e1rio de veicula\u00e7\u00e3o de &#8216;A Voz do Brasil&#8217;<\/span> <span class=\"meta-nav\">&rarr;<\/span><\/a><\/p>\n","protected":false},"author":1,"featured_media":0,"comment_status":"open","ping_status":"open","sticky":false,"template":"","format":"standard","meta":{"footnotes":""},"categories":[40],"tags":[446],"_links":{"self":[{"href":"https:\/\/obscom.intervozes.org.br\/index.php?rest_route=\/wp\/v2\/posts\/22330"}],"collection":[{"href":"https:\/\/obscom.intervozes.org.br\/index.php?rest_route=\/wp\/v2\/posts"}],"about":[{"href":"https:\/\/obscom.intervozes.org.br\/index.php?rest_route=\/wp\/v2\/types\/post"}],"author":[{"embeddable":true,"href":"https:\/\/obscom.intervozes.org.br\/index.php?rest_route=\/wp\/v2\/users\/1"}],"replies":[{"embeddable":true,"href":"https:\/\/obscom.intervozes.org.br\/index.php?rest_route=%2Fwp%2Fv2%2Fcomments&post=22330"}],"version-history":[{"count":0,"href":"https:\/\/obscom.intervozes.org.br\/index.php?rest_route=\/wp\/v2\/posts\/22330\/revisions"}],"wp:attachment":[{"href":"https:\/\/obscom.intervozes.org.br\/index.php?rest_route=%2Fwp%2Fv2%2Fmedia&parent=22330"}],"wp:term":[{"taxonomy":"category","embeddable":true,"href":"https:\/\/obscom.intervozes.org.br\/index.php?rest_route=%2Fwp%2Fv2%2Fcategories&post=22330"},{"taxonomy":"post_tag","embeddable":true,"href":"https:\/\/obscom.intervozes.org.br\/index.php?rest_route=%2Fwp%2Fv2%2Ftags&post=22330"}],"curies":[{"name":"wp","href":"https:\/\/api.w.org\/{rel}","templated":true}]}}