{"id":22325,"date":"2009-01-05T16:35:10","date_gmt":"2009-01-05T16:35:10","guid":{"rendered":"https:\/\/obscom.intervozes.org.br\/wordpress\/?p=22325"},"modified":"2009-01-05T16:35:10","modified_gmt":"2009-01-05T16:35:10","slug":"governo-do-parana-pede-convocacao-da-conferencia-nacional-de-comunicacao","status":"publish","type":"post","link":"https:\/\/obscom.intervozes.org.br\/?p=22325","title":{"rendered":"Governo do Paran\u00e1 pede convoca\u00e7\u00e3o da Confer\u00eancia Nacional de Comunica\u00e7\u00e3o"},"content":{"rendered":"<p>   \t \t \t \t \t<!-- \t\t@page { margin: 2cm } \t\tP { margin-bottom: 0.21cm } \t--> \t    <\/p>\n<p style=\"margin-bottom: 0cm\" class=\"western padrao\">Ap&oacute;s reuni&atilde;o com representantes de organiza&ccedil;&otilde;es sociais envolvidas com o processo de convoca&ccedil;&atilde;o da I Confer&ecirc;ncia Nacional de Comunica&ccedil;&atilde;o, o governador do Paran&aacute;, Roberto Requi&atilde;o (PMDB), divulgou nota de apoio &agrave; confer&ecirc;ncia. Durante a reuni&atilde;o, realizada no in&iacute;cio de dezembro, o governador tamb&eacute;m se comprometeu em apoiar a realiza&ccedil;&atilde;o das etapas locais da confer&ecirc;ncia.<\/p>\n<p>Veja a &iacute;ntegra da nota divulgada pelo governo do Paran&aacute;:  <\/p>\n<p>&ldquo;O Governo do Paran&aacute; junta sua voz &agrave;s vozes de dezenas de entidades e de milhares de brasileiros que pedem ao Presidente Lula a convoca&ccedil;&atilde;o, ainda este ano, da Confer&ecirc;ncia Nacional de Comunica&ccedil;&atilde;o.<\/p>\n<p>&Eacute; ineg&aacute;vel que, nos &uacute;ltimos anos, o pa&iacute;s viu avan&ccedil;ar, ampliar e consolidar direitos de seus cidad&atilde;os. No entanto, &eacute; preciso ir mais longe nos exerc&iacute;cios da liberdade, na pr&aacute;tica da democracia.<\/p>\n<p>Dos tantos direitos que essa saud&aacute;vel e maravilhosa primavera brasileira cultiva e faz florescer, existe um direito que se p&otilde;e no centro da nossa vida, t&atilde;o vital quanto respirar: o direito &agrave; informa&ccedil;&atilde;o. Informar e ser informado. Sem a censura das conveni&ecirc;ncias pol&iacute;ticas, dos interesses empresariais, do jogo do mercado, do corporativismo. Democratizar, universalizar os meios de comunica&ccedil;&atilde;o, tornando-os irrestritamente acess&iacute;veis a todos.<\/p>\n<p style=\"margin-bottom: 0cm\" class=\"western padrao\">Afinal, uma sociedade s&oacute; pode ser chamada de democr&aacute;tica quando as diversas vozes, opini&otilde;es e culturas que a comp&otilde;em t&ecirc;m espa&ccedil;o para se manifestar. Monop&oacute;lio de informa&ccedil;&atilde;o e democracia s&atilde;o antag&ocirc;nicos e, mais dia menos, repelem-se.<\/p>\n<p>A Confer&ecirc;ncia Nacional de Comunica&ccedil;&atilde;o &eacute; o molde ideal para que essa discuss&atilde;o seja feita. Reunindo o Executivo, o Legislativo, o Judici&aacute;rio, o Minist&eacute;rio P&uacute;blico, movimentos e entidades sociais, jornalistas e propriet&aacute;rios de ve&iacute;culos, acad&ecirc;micos, meios e sistemas de comunica&ccedil;&atilde;o, a Confer&ecirc;ncia &eacute; uma inst&acirc;ncia representativa e leg&iacute;tima para que o Brasil defina diretrizes para um novo marco regulat&oacute;rio e proponha pol&iacute;ticas p&uacute;blicas de comunica&ccedil;&atilde;o.<\/p>\n<p>Al&eacute;m de pedir ao Presidente Lula a convoca&ccedil;&atilde;o da Confer&ecirc;ncia, o Governo do Paran&aacute;, desde de agora, coloca-se &agrave; disposi&ccedil;&atilde;o das entidades que se mobilizam pela realiza&ccedil;&atilde;o do encontro. Toda a nossa estrutura de comunica&ccedil;&atilde;o, especialmente a Paran&aacute; Educativa, prestar&aacute; o apoio poss&iacute;vel &agrave; realiza&ccedil;&atilde;o da Confer&ecirc;ncia e ao debate sobre o tema.<\/p>\n<p>Vamos &agrave; Confer&ecirc;ncia. De uma vez por todos o pa&iacute;s deve enfrentar e debater mais esse contencioso. Sem medo, sem censura. N&atilde;o se busca o confronto. Queremos crescer, avan&ccedil;ar, universalizar direitos.<\/p>\n<p>Roberto Requi&atilde;o<\/p>\n<p style=\"margin-bottom: 0cm\" class=\"western padrao\">Governador do Paran&aacute;&rdquo;<\/p>\n","protected":false},"excerpt":{"rendered":"<p>Ap&oacute;s reuni&atilde;o com representantes de organiza&ccedil;&otilde;es sociais envolvidas com o processo de convoca&ccedil;&atilde;o da I Confer&ecirc;ncia Nacional de Comunica&ccedil;&atilde;o, o governador do Paran&aacute;, Roberto Requi&atilde;o (PMDB), divulgou nota de apoio &agrave; confer&ecirc;ncia. Durante a reuni&atilde;o, realizada no in&iacute;cio de dezembro, o governador tamb&eacute;m se comprometeu em apoiar a realiza&ccedil;&atilde;o das etapas locais da confer&ecirc;ncia. Veja &hellip; <a href=\"https:\/\/obscom.intervozes.org.br\/?p=22325\" class=\"more-link\">Continue lendo <span class=\"screen-reader-text\">Governo do Paran\u00e1 pede convoca\u00e7\u00e3o da Confer\u00eancia Nacional de Comunica\u00e7\u00e3o<\/span> <span class=\"meta-nav\">&rarr;<\/span><\/a><\/p>\n","protected":false},"author":1,"featured_media":0,"comment_status":"open","ping_status":"open","sticky":false,"template":"","format":"standard","meta":{"footnotes":""},"categories":[40],"tags":[942],"_links":{"self":[{"href":"https:\/\/obscom.intervozes.org.br\/index.php?rest_route=\/wp\/v2\/posts\/22325"}],"collection":[{"href":"https:\/\/obscom.intervozes.org.br\/index.php?rest_route=\/wp\/v2\/posts"}],"about":[{"href":"https:\/\/obscom.intervozes.org.br\/index.php?rest_route=\/wp\/v2\/types\/post"}],"author":[{"embeddable":true,"href":"https:\/\/obscom.intervozes.org.br\/index.php?rest_route=\/wp\/v2\/users\/1"}],"replies":[{"embeddable":true,"href":"https:\/\/obscom.intervozes.org.br\/index.php?rest_route=%2Fwp%2Fv2%2Fcomments&post=22325"}],"version-history":[{"count":0,"href":"https:\/\/obscom.intervozes.org.br\/index.php?rest_route=\/wp\/v2\/posts\/22325\/revisions"}],"wp:attachment":[{"href":"https:\/\/obscom.intervozes.org.br\/index.php?rest_route=%2Fwp%2Fv2%2Fmedia&parent=22325"}],"wp:term":[{"taxonomy":"category","embeddable":true,"href":"https:\/\/obscom.intervozes.org.br\/index.php?rest_route=%2Fwp%2Fv2%2Fcategories&post=22325"},{"taxonomy":"post_tag","embeddable":true,"href":"https:\/\/obscom.intervozes.org.br\/index.php?rest_route=%2Fwp%2Fv2%2Ftags&post=22325"}],"curies":[{"name":"wp","href":"https:\/\/api.w.org\/{rel}","templated":true}]}}