{"id":22318,"date":"2008-12-22T17:05:35","date_gmt":"2008-12-22T17:05:35","guid":{"rendered":"https:\/\/obscom.intervozes.org.br\/wordpress\/?p=22318"},"modified":"2014-09-07T02:58:03","modified_gmt":"2014-09-07T02:58:03","slug":"veja-as-series-de-reportagens-e-coberturas-especiais-publicadas-em-2008","status":"publish","type":"post","link":"https:\/\/obscom.intervozes.org.br\/?p=22318","title":{"rendered":"Veja as s\u00e9ries de reportagens e coberturas especiais publicadas em 2008"},"content":{"rendered":"<p><strong>S&Eacute;RIE<\/strong><br \/><a href=\"http:\/\/localhost\/intervozes_direitoacomunicacao\/wordpress\/?p=21909\">20 anos da Constitui&ccedil;&atilde;o e o Cap&iacute;tulo V &ndash; Da Comunica&ccedil;&atilde;o Social<\/a> <\/p>\n<p><strong>COBERTURA ESPECIAL<\/strong><br \/><a href=\"http:\/\/localhost\/intervozes_direitoacomunicacao\/wordpress\/?p=22191\">Cobertura especial: Concess&otilde;es de r&aacute;dio e TV no Congresso<\/a> <\/p>\n<p><strong>S&Eacute;RIE<\/strong><br \/><a href=\"http:\/\/localhost\/intervozes_direitoacomunicacao\/wordpress\/?p=21381\">O primeiro ano do SBTVD e a implanta&ccedil;&atilde;o da TV Digital no Brasil<\/a> <\/p>\n<p><strong>S&Eacute;RIE<\/strong><br \/><a href=\"http:\/\/localhost\/intervozes_direitoacomunicacao\/wordpress\/?p=21418\">O 6 primeiros meses da Empresa Brasil de Comunica&ccedil;&atilde;o<\/a> <\/p>\n<p><strong>S&Eacute;RIE<\/strong><br \/><a href=\"http:\/\/localhost\/intervozes_direitoacomunicacao\/wordpress\/?p=21486\">Mudan&ccedil;as na Regula&ccedil;&atilde;o de Telecomunica&ccedil;&otilde;es e a fus&atilde;o BrT-Oi<\/a> <\/p>\n","protected":false},"excerpt":{"rendered":"<p>Os 20 anos da Constitui\u00e7\u00e3o, a press\u00e3o por mudan\u00e7as nos processos de concess\u00f5es de r\u00e1dio e TV e as modifica\u00e7\u00f5es nas regras e no mercado de telecomunica\u00e7\u00f5es foram alguns dos temas abordados<\/p>\n","protected":false},"author":1,"featured_media":0,"comment_status":"open","ping_status":"open","sticky":false,"template":"","format":"standard","meta":{"footnotes":""},"categories":[40],"tags":[58],"_links":{"self":[{"href":"https:\/\/obscom.intervozes.org.br\/index.php?rest_route=\/wp\/v2\/posts\/22318"}],"collection":[{"href":"https:\/\/obscom.intervozes.org.br\/index.php?rest_route=\/wp\/v2\/posts"}],"about":[{"href":"https:\/\/obscom.intervozes.org.br\/index.php?rest_route=\/wp\/v2\/types\/post"}],"author":[{"embeddable":true,"href":"https:\/\/obscom.intervozes.org.br\/index.php?rest_route=\/wp\/v2\/users\/1"}],"replies":[{"embeddable":true,"href":"https:\/\/obscom.intervozes.org.br\/index.php?rest_route=%2Fwp%2Fv2%2Fcomments&post=22318"}],"version-history":[{"count":5,"href":"https:\/\/obscom.intervozes.org.br\/index.php?rest_route=\/wp\/v2\/posts\/22318\/revisions"}],"predecessor-version":[{"id":27999,"href":"https:\/\/obscom.intervozes.org.br\/index.php?rest_route=\/wp\/v2\/posts\/22318\/revisions\/27999"}],"wp:attachment":[{"href":"https:\/\/obscom.intervozes.org.br\/index.php?rest_route=%2Fwp%2Fv2%2Fmedia&parent=22318"}],"wp:term":[{"taxonomy":"category","embeddable":true,"href":"https:\/\/obscom.intervozes.org.br\/index.php?rest_route=%2Fwp%2Fv2%2Fcategories&post=22318"},{"taxonomy":"post_tag","embeddable":true,"href":"https:\/\/obscom.intervozes.org.br\/index.php?rest_route=%2Fwp%2Fv2%2Ftags&post=22318"}],"curies":[{"name":"wp","href":"https:\/\/api.w.org\/{rel}","templated":true}]}}