{"id":22313,"date":"2008-12-19T19:06:44","date_gmt":"2008-12-19T19:06:44","guid":{"rendered":"https:\/\/obscom.intervozes.org.br\/wordpress\/?p=22313"},"modified":"2008-12-19T19:06:44","modified_gmt":"2008-12-19T19:06:44","slug":"ministerio-publico-tambem-tentou-barrar-votacao-da-anatel-sobre-brt-oi","status":"publish","type":"post","link":"https:\/\/obscom.intervozes.org.br\/?p=22313","title":{"rendered":"Minist\u00e9rio P\u00fablico tamb\u00e9m tentou barrar vota\u00e7\u00e3o da Anatel sobre BrT-Oi"},"content":{"rendered":"<p>   \t \t \t \t \t<!-- \t\t@page { margin: 2cm } \t\tP { margin-bottom: 0.21cm } \t--> \t  <\/p>\n<p style=\"margin-bottom: 0cm\" class=\"western\"><span class=\"padrao\">Por muito pouco a Ag&ecirc;ncia Nacional de Telecomunica&ccedil;&otilde;es (Anatel) n&atilde;o enfrentou um segundo problema para deliberar sobre a anu&ecirc;ncia pr&eacute;via para a aquisi&ccedil;&atilde;o da Brasil Telecom pela Oi, validada na noite dessa quinta-feira (18). Al&eacute;m do Tribunal de Contas da Uni&atilde;o (TCU), o Minist&eacute;rio P&uacute;blico Federal (MPF) tamb&eacute;m tentou impedir a vota&ccedil;&atilde;o, com a apresenta&ccedil;&atilde;o de um pedido de mandado de seguran&ccedil;a preventivo na 13&ordf; Vara Federal de Bras&iacute;lia.<\/p>\n<p>O pedido foi apresentado &agrave;s 16h58 da quinta-feira e chegou &agrave;s m&atilde;os do juiz Waldemar Cl&aacute;udio de Carvalho. O magistrado n&atilde;o chegou a deliberar sobre o pedido, que perder&aacute; o objeto por uma quest&atilde;o de l&oacute;gica j&aacute; que a reuni&atilde;o validando a anu&ecirc;ncia j&aacute; ocorreu. O motivo da aparente demora na delibera&ccedil;&atilde;o foi o sistema de encaminhamento do pedido de liminar.<\/p>\n<p>O procurador encaminhou o documento &agrave; 13&ordf; Vara alegando uma &quot;poss&iacute;vel conex&atilde;o&quot; com um outro processo recente que embargou por v&aacute;rias horas uma decis&atilde;o da Anatel. O processo em quest&atilde;o &eacute; o pedido de liminar feito pela Associa&ccedil;&atilde;o de Autorizados de SCM e Provedores de Internet (Abramulti) sobre a delibera&ccedil;&atilde;o, por parte da ag&ecirc;ncia reguladora, das mudan&ccedil;as no Plano Geral de Outorgas (PGO). A suspens&atilde;o foi concedida pelo juiz Carvalho, o que atrasou a delibera&ccedil;&atilde;o da Anatel em aproximadamente oito horas. <\/p>\n<p>A Abramulti alegava que a delibera&ccedil;&atilde;o n&atilde;o poderia ser conduzida sem que a Anatel apresentasse antes uma proposta de Plano Geral de Metas de Competi&ccedil;&atilde;o (PGMC), j&aacute; que o texto base para o novo PGO citava a implanta&ccedil;&atilde;o deste plano como balizador das an&aacute;lises concorrenciais daqui em diante. No pedido de mandado de seguran&ccedil;a, o MPF tamb&eacute;m usa a falta do PGMC como motivador para sustar as discuss&otilde;es sobre a anu&ecirc;ncia pr&eacute;via. Da&iacute; o processo ter sido encaminhado ao mesmo juiz, citando uma poss&iacute;vel conex&atilde;o entre as a&ccedil;&otilde;es.<\/p>\n<p>O juiz Carvalho, por&eacute;m, n&atilde;o encontrou conex&atilde;o entre os casos e encaminhou o pedido para redistribui&ccedil;&atilde;o. Essa redistribui&ccedil;&atilde;o s&oacute; foi oficializada na manh&atilde; desta sexta-feira (19), ou seja, ap&oacute;s a delibera&ccedil;&atilde;o da Anatel sobre a anu&ecirc;ncia. Assim, a liminar perde seu objeto por n&atilde;o haver mais reuni&atilde;o a ser impedida. <\/p>\n<p><strong>PGMC comprometido<\/strong><\/p>\n<p>Rocha J&uacute;nior alega que, sem o PGMC, a ag&ecirc;ncia reguladora n&atilde;o teria como estabelecer contrapartidas de minimiza&ccedil;&atilde;o do impacto concorrencial resultante da cria&ccedil;&atilde;o da BrT-Oi. Ele cita como exemplo discuss&otilde;es realizadas na &eacute;poca da mudan&ccedil;a do PGO sobre restri&ccedil;&otilde;es retiradas deste documento sob a alega&ccedil;&atilde;o de que o assunto seria melhor avaliado no plano de competi&ccedil;&atilde;o. Um desses casos era a exig&ecirc;ncia de venda conjuntas das licen&ccedil;as em caso de aliena&ccedil;&atilde;o da concess&atilde;o p&uacute;blica, &quot;apelidada jocosamente de &#39;juntinho&#39;&quot;, relembra o procurador. <\/p>\n<p>A a&ccedil;&atilde;o traz uma cita&ccedil;&atilde;o do voto do presidente da ag&ecirc;ncia, embaixador Ronaldo Sardenberg, onde este concorda parcialmente com a id&eacute;ia, mas sugere sua retirada do PGO alegando que o assunto dever&aacute; ser tema do PGMC. Para Rocha J&uacute;nior, aprovar a BrT-Oi sem o PGMC &eacute; inviabilizar a possibilidade de exigir quest&otilde;es como a venda conjunta das licen&ccedil;as. &quot;N&atilde;o h&aacute; como se concordar com a afirma&ccedil;&atilde;o de que a efic&aacute;cia de um futuro PGMC restar&aacute; imaculada diante da aprova&ccedil;&atilde;o imediata de qualquer anu&ecirc;ncia pr&eacute;via&quot;, avalia o procurador. <\/p>\n<p><strong>Invers&atilde;o de valores<\/strong><\/p>\n<p>Rocha J&uacute;nior tamb&eacute;m protesta contra a velocidade da delibera&ccedil;&atilde;o da Anatel sobre o tema. O procurador lembra que o MPF fez recomenda&ccedil;&otilde;es &agrave; Anatel para garantir a transpar&ecirc;ncia do processo, mas que as sugest&otilde;es n&atilde;o foram seguidas dentro da curta agenda de an&aacute;lise. &quot;Muito embora se deva elogiar a busca da efici&ecirc;ncia no servi&ccedil;o p&uacute;blico, n&atilde;o se pode permitir que a velocidade desej&aacute;vel na administra&ccedil;&atilde;o venha a custo da invers&atilde;o de valores, privilegiando o interesse privado em not&oacute;rio preju&iacute;zo ao interesse p&uacute;blico&quot;, arremata o procurador.<\/span><\/p>\n","protected":false},"excerpt":{"rendered":"<p>Por muito pouco a Ag&ecirc;ncia Nacional de Telecomunica&ccedil;&otilde;es (Anatel) n&atilde;o enfrentou um segundo problema para deliberar sobre a anu&ecirc;ncia pr&eacute;via para a aquisi&ccedil;&atilde;o da Brasil Telecom pela Oi, validada na noite dessa quinta-feira (18). Al&eacute;m do Tribunal de Contas da Uni&atilde;o (TCU), o Minist&eacute;rio P&uacute;blico Federal (MPF) tamb&eacute;m tentou impedir a vota&ccedil;&atilde;o, com a apresenta&ccedil;&atilde;o &hellip; <a href=\"https:\/\/obscom.intervozes.org.br\/?p=22313\" class=\"more-link\">Continue lendo <span class=\"screen-reader-text\">Minist\u00e9rio P\u00fablico tamb\u00e9m tentou barrar vota\u00e7\u00e3o da Anatel sobre BrT-Oi<\/span> <span class=\"meta-nav\">&rarr;<\/span><\/a><\/p>\n","protected":false},"author":1,"featured_media":0,"comment_status":"open","ping_status":"open","sticky":false,"template":"","format":"standard","meta":{"footnotes":""},"categories":[40],"tags":[617],"_links":{"self":[{"href":"https:\/\/obscom.intervozes.org.br\/index.php?rest_route=\/wp\/v2\/posts\/22313"}],"collection":[{"href":"https:\/\/obscom.intervozes.org.br\/index.php?rest_route=\/wp\/v2\/posts"}],"about":[{"href":"https:\/\/obscom.intervozes.org.br\/index.php?rest_route=\/wp\/v2\/types\/post"}],"author":[{"embeddable":true,"href":"https:\/\/obscom.intervozes.org.br\/index.php?rest_route=\/wp\/v2\/users\/1"}],"replies":[{"embeddable":true,"href":"https:\/\/obscom.intervozes.org.br\/index.php?rest_route=%2Fwp%2Fv2%2Fcomments&post=22313"}],"version-history":[{"count":0,"href":"https:\/\/obscom.intervozes.org.br\/index.php?rest_route=\/wp\/v2\/posts\/22313\/revisions"}],"wp:attachment":[{"href":"https:\/\/obscom.intervozes.org.br\/index.php?rest_route=%2Fwp%2Fv2%2Fmedia&parent=22313"}],"wp:term":[{"taxonomy":"category","embeddable":true,"href":"https:\/\/obscom.intervozes.org.br\/index.php?rest_route=%2Fwp%2Fv2%2Fcategories&post=22313"},{"taxonomy":"post_tag","embeddable":true,"href":"https:\/\/obscom.intervozes.org.br\/index.php?rest_route=%2Fwp%2Fv2%2Ftags&post=22313"}],"curies":[{"name":"wp","href":"https:\/\/api.w.org\/{rel}","templated":true}]}}