{"id":22311,"date":"2008-12-19T18:39:19","date_gmt":"2008-12-19T18:39:19","guid":{"rendered":"https:\/\/obscom.intervozes.org.br\/wordpress\/?p=22311"},"modified":"2014-09-07T02:57:59","modified_gmt":"2014-09-07T02:57:59","slug":"ministerio-autoriza-mais-23-radios-comunitarias-em-sao-paulo","status":"publish","type":"post","link":"https:\/\/obscom.intervozes.org.br\/?p=22311","title":{"rendered":"Minist\u00e9rio autoriza mais 23 r\u00e1dios comunit\u00e1rias em S\u00e3o Paulo"},"content":{"rendered":"<p>O Di&aacute;rio Oficial da Uni&atilde;o de ontem (18) trouxe publicada portaria do Minist&eacute;rio das Comunica&ccedil;&otilde;es com a autoriza&ccedil;&atilde;o de funcionamento para 23 r&aacute;dios comunit&aacute;rias na cidade de S&atilde;o Paulo. Os processos de regulariza&ccedil;&atilde;o das emissoras j&aacute; se arrastavam h&aacute; mais de dois anos. <\/p>\n<p>Neste per&iacute;odo, apenas a R&aacute;dio Heli&oacute;polis havia conseguido a autoriza&ccedil;&atilde;o, em um epis&oacute;dio que, ao mesmo tempo, reconheceu o papel hist&oacute;rico da emissora na comunidade e demonstrou o voluntarismo do governo federal em rela&ccedil;&atilde;o &agrave;s comunit&aacute;rias. Isso porque a r&aacute;dio teve sua autoriza&ccedil;&atilde;o publicada por conta de visita do presidente Lu&iacute;s In&aacute;cio Lula da Silva e do craque franc&ecirc;s Zinedine Zidane &agrave; comunidade [<a href=\"http:\/\/localhost\/intervozes_direitoacomunicacao\/wordpress\/?p=22310\">saiba mais<\/a> ].<\/p>\n<p>As 23 emissoras autorizadas agora fazem parte de um grupo de mais 100 entidades que tiveram suas propostas consideradas v&aacute;lidas pelo minist&eacute;rio no processo relativo ao Aviso de Habilita&ccedil;&atilde;o lan&ccedil;ado para a capital paulista em dezembro de 2006.<\/p>\n","protected":false},"excerpt":{"rendered":"<p>O Di&aacute;rio Oficial da Uni&atilde;o de ontem (18) trouxe publicada portaria do Minist&eacute;rio das Comunica&ccedil;&otilde;es com a autoriza&ccedil;&atilde;o de funcionamento para 23 r&aacute;dios comunit&aacute;rias na cidade de S&atilde;o Paulo. Os processos de regulariza&ccedil;&atilde;o das emissoras j&aacute; se arrastavam h&aacute; mais de dois anos. Neste per&iacute;odo, apenas a R&aacute;dio Heli&oacute;polis havia conseguido a autoriza&ccedil;&atilde;o, em um &hellip; <a href=\"https:\/\/obscom.intervozes.org.br\/?p=22311\" class=\"more-link\">Continue lendo <span class=\"screen-reader-text\">Minist\u00e9rio autoriza mais 23 r\u00e1dios comunit\u00e1rias em S\u00e3o Paulo<\/span> <span class=\"meta-nav\">&rarr;<\/span><\/a><\/p>\n","protected":false},"author":1,"featured_media":0,"comment_status":"open","ping_status":"open","sticky":false,"template":"","format":"standard","meta":{"footnotes":""},"categories":[39],"tags":[],"_links":{"self":[{"href":"https:\/\/obscom.intervozes.org.br\/index.php?rest_route=\/wp\/v2\/posts\/22311"}],"collection":[{"href":"https:\/\/obscom.intervozes.org.br\/index.php?rest_route=\/wp\/v2\/posts"}],"about":[{"href":"https:\/\/obscom.intervozes.org.br\/index.php?rest_route=\/wp\/v2\/types\/post"}],"author":[{"embeddable":true,"href":"https:\/\/obscom.intervozes.org.br\/index.php?rest_route=\/wp\/v2\/users\/1"}],"replies":[{"embeddable":true,"href":"https:\/\/obscom.intervozes.org.br\/index.php?rest_route=%2Fwp%2Fv2%2Fcomments&post=22311"}],"version-history":[{"count":1,"href":"https:\/\/obscom.intervozes.org.br\/index.php?rest_route=\/wp\/v2\/posts\/22311\/revisions"}],"predecessor-version":[{"id":27994,"href":"https:\/\/obscom.intervozes.org.br\/index.php?rest_route=\/wp\/v2\/posts\/22311\/revisions\/27994"}],"wp:attachment":[{"href":"https:\/\/obscom.intervozes.org.br\/index.php?rest_route=%2Fwp%2Fv2%2Fmedia&parent=22311"}],"wp:term":[{"taxonomy":"category","embeddable":true,"href":"https:\/\/obscom.intervozes.org.br\/index.php?rest_route=%2Fwp%2Fv2%2Fcategories&post=22311"},{"taxonomy":"post_tag","embeddable":true,"href":"https:\/\/obscom.intervozes.org.br\/index.php?rest_route=%2Fwp%2Fv2%2Ftags&post=22311"}],"curies":[{"name":"wp","href":"https:\/\/api.w.org\/{rel}","templated":true}]}}