{"id":22310,"date":"2008-12-19T17:20:08","date_gmt":"2008-12-19T17:20:08","guid":{"rendered":"https:\/\/obscom.intervozes.org.br\/wordpress\/?p=22310"},"modified":"2014-09-07T02:57:58","modified_gmt":"2014-09-07T02:57:58","slug":"deputados-querem-aditar-contratos-com-radios-e-tvs","status":"publish","type":"post","link":"https:\/\/obscom.intervozes.org.br\/?p=22310","title":{"rendered":"Deputados querem aditar contratos com r\u00e1dios e TVs"},"content":{"rendered":"<p>   \t \t \t \t \t<!-- \t\t@page { margin: 2cm } \t\tP { margin-bottom: 0.21cm } \t--> \t  <\/p>\n<p style=\"margin-bottom: 0cm\" class=\"western padrao\">Na &uacute;ltima reuni&atilde;o do ano da Comiss&atilde;o de Ci&ecirc;ncia, Tecnologia, Comunica&ccedil;&atilde;o e Inform&aacute;tica (CCTCI) da C&acirc;mara dos Deputados, realizada nesta quarta-feira (16), os parlamentares aprovaram in&eacute;dito pedido de acr&eacute;scimo de novas obriga&ccedil;&otilde;es aos contratos de concess&atilde;o de r&aacute;dio e TV. A novidade quebra a l&oacute;gica vigente h&aacute; anos no Congresso. Os parlamentares das comiss&otilde;es que analisam pedidos de outorga e renova&ccedil;&atilde;o de concess&otilde;es de r&aacute;dio e TV limitavam-se apenas a chancelar os processos vindos do Executivo, em uma pr&aacute;tica de renova&ccedil;&atilde;o quase autom&aacute;tica das licen&ccedil;as para opera&ccedil;&atilde;o de servi&ccedil;os de radiodifus&atilde;o.<\/p>\n<p>O documento, apresentado pela deputada Luiza Erundina (PSB-SP), traz a indica&ccedil;&atilde;o de seis novos pontos a serem atendidos pelos concession&aacute;rios. Como a institui&ccedil;&atilde;o do contrato &eacute; uma prerrogativa do Executivo Federal, o texto apenas aponta ao Minist&eacute;rio das Comunica&ccedil;&otilde;es um conjunto de exig&ecirc;ncias que devem agora ser traduzidas em cl&aacute;usulas adicionais aos contratos.<\/p>\n<p>A indica&ccedil;&atilde;o central do requerimento que ser&aacute; enviado ao Minicom &eacute; a introdu&ccedil;&atilde;o de artigos que estabele&ccedil;am obriga&ccedil;&otilde;es de cumprimento dos dispositivos constitucionais referentes &agrave; comunica&ccedil;&atilde;o social, especialmente a prefer&ecirc;ncia &agrave; programa&ccedil;&atilde;o de finalidades educativas, culturais, art&iacute;sticas e jornal&iacute;sticas. O texto tamb&eacute;m recomenda o estabelecimento, no contrato, de percentuais m&iacute;nimos de conte&uacute;dos jornal&iacute;sticos e educativos, bem como de produ&ccedil;&atilde;o regional e independente.<\/p>\n<p>Outra norma constitucional a ser traduzida em uma cl&aacute;usula seria a proibi&ccedil;&atilde;o de pr&aacute;ticas de monop&oacute;lio e oligop&oacute;lio. O texto sugere um controle sobre a propriedade cruzada (quando um grupo det&eacute;m um jornal, r&aacute;dio ou TV) e sobre os limites estabelecidos em lei. O objetivo &eacute; combater situa&ccedil;&otilde;es como as do bispo Edir Macedo, controlador direto e indireto de tr&ecirc;s emissoras no estado de S&atilde;o Paulo, ou a de redes que usam diversos familiares ou laranjas para diferenciar quadros acion&aacute;rios quando, na verdade, det&ecirc;m emissoras acima do m&aacute;ximo permitido pela legisla&ccedil;&atilde;o.<\/p>\n<p>Uma inova&ccedil;&atilde;o foi a recomenda&ccedil;&atilde;o do &quot;estabelecimento de conselhos de telespectadores e ouvintes&quot;, que teriam o dever de &quot;divulgar, periodicamente, an&aacute;lises cr&iacute;ticas sobre a programa&ccedil;&atilde;o das emissoras de r&aacute;dio e de televis&atilde;o&quot;. A justificativa apresentada pela deputada &eacute; a necessidade de ampliar a participa&ccedil;&atilde;o da sociedade no que &eacute; produzido pelas emissoras, uma vez que a explora&ccedil;&atilde;o de canais de r&aacute;dio e TV &eacute; um servi&ccedil;o p&uacute;blico.<\/p>\n<p>Por &uacute;ltimo, o documento prev&ecirc; que os concession&aacute;rios mantenham a regularidade fiscal durante todo o per&iacute;odo da outorga. A id&eacute;ia &eacute; que a avalia&ccedil;&atilde;o sobre as d&iacute;vidas com a Uni&atilde;o n&atilde;o seja realizada apenas de 15 em 15 anos, o que permite aos licenciados contra&iacute;rem diversos d&eacute;bitos junto ao Estado e aos trabalhadores de suas empresas. <\/p>\n<p><strong>Avan&ccedil;o na democratiza&ccedil;&atilde;o do setor<\/p>\n<p><\/strong>A deputada Luiza Erundina destaca que a Indica&ccedil;&atilde;o (documento do Legislativo com sugest&otilde;es ao Executivo) avan&ccedil;a nas mudan&ccedil;as do sistema de outorgas de r&aacute;dio e TV previstas no relat&oacute;rio final da subcomiss&atilde;o sobre os atos de outorga de radiodifus&atilde;o aprovado no m&ecirc;s passado pela CCTCI [ver aqui]. &quot;O processo como um todo, que partiu do relat&oacute;rio e passou pela realiza&ccedil;&atilde;o de uma audi&ecirc;ncia p&uacute;blica para discutir a renova&ccedil;&atilde;o das outorgas vencidas em 2007 foi uma vit&oacute;ria. Ele refor&ccedil;a uma mudan&ccedil;a de pr&aacute;tica que mostra a necessidade de um m&iacute;nimo de discuss&atilde;o sobre as renova&ccedil;&otilde;es destas concess&otilde;es&quot;, avalia.<\/p>\n<p>Para Carolina Ribeiro, do Intervozes &ndash; Coletivo Brasil de Comunica&ccedil;&atilde;o Social, a Indica&ccedil;&atilde;o aprovada concretiza uma luta hist&oacute;rica por mudan&ccedil;as no setor de radiodifus&atilde;o, ao transformar v&aacute;rias demandas progressistas defendidas por diversas organiza&ccedil;&otilde;es em obriga&ccedil;&otilde;es que de fato que poder&atilde;o ser fiscalizadas e cobradas. &quot;Ela d&aacute; mais um passo rumo ao cumprimento da lei e da possibilidade de participa&ccedil;&atilde;o social, uma vez que sugere ao Minist&eacute;rio das Comunica&ccedil;&otilde;es que inclua no contrato com as emissoras o cumprimento de dispositivos constitucionais, como a exig&ecirc;ncia da regionaliza&ccedil;&atilde;o e da produ&ccedil;&atilde;o independente (previstas no artigo 221), e a cria&ccedil;&atilde;o de mecanismos de participa&ccedil;&atilde;o da sociedade.&rdquo;<\/p>\n<p><strong>Pr&oacute;ximos passos<\/p>\n<p><\/strong>Os deputados e as entidades apoiadoras das recomenda&ccedil;&otilde;es dever&atilde;o agora cobrar do minist&eacute;rio que acate as sugest&otilde;es nos pr&oacute;ximos contratos, come&ccedil;ando pelas v&aacute;rias emissoras cujas outorgas venceram em 2007 e est&atilde;o em an&aacute;lise no &oacute;rg&atilde;o. Segundo Luiza Erundina, ser&atilde;o solicitadas reuni&otilde;es junto ao Minicom para detalhar as propostas e traduzi-las em cl&aacute;usulas para serem inclus&atilde;o no contrato. As emissoras tamb&eacute;m ser&atilde;o procuradas, para construir um entendimento sobre a import&acirc;ncia da medida.<\/p>\n<p>Segundo Erundina, no pr&oacute;ximo ano, os parlamentares da CCTCI tamb&eacute;m dever&atilde;o se dedicar ao encaminhamento das demais proposi&ccedil;&otilde;es do relat&oacute;rio. Entre elas est&aacute; um Projeto de Lei para qualificar os crit&eacute;rios para a outorga e renova&ccedil;&atilde;o de licen&ccedil;as e um pedido de fiscaliza&ccedil;&atilde;o e controle para que o Tribunal de Contas da Uni&atilde;o realize uma auditoria operacional no Minist&eacute;rio das Comunica&ccedil;&otilde;es para avaliar os processos de concess&atilde;o de licen&ccedil;as.<\/p>\n<p><span class=\"padrao\"><strong>*********************************************<\/strong><\/p>\n<p><u><strong>VEJA TAMB&Eacute;M:<\/strong><\/u><\/p>\n<p>&#8211; <a href=\"http:\/\/localhost\/intervozes_direitoacomunicacao\/wordpress\/?p=22191\">Entidades denunciam Estado e emissoras por irregularidades em concess&otilde;es de TV<\/a><br \/><a href=\"http:\/\/localhost\/intervozes_direitoacomunicacao\/wordpress\/?p=22221\">&#8211; Comiss&atilde;o aprova propostas de moderniza&ccedil;&atilde;o da legisla&ccedil;&atilde;o<\/a><br \/><a href=\"http:\/\/localhost\/intervozes_direitoacomunicacao\/wordpress\/?p=22284\">&#8211; Dossi&ecirc; re&uacute;ne den&uacute;ncias sobre viola&ccedil;&otilde;es de direitos humanos na TV<\/a><br \/><a href=\"http:\/\/localhost\/intervozes_direitoacomunicacao\/wordpress\/?p=22290\">&#8211; Arrendamento de tempo de programa&ccedil;&atilde;o evidencia uso indevido de outorgas de TV<\/a><br \/><\/span><\/p>\n","protected":false},"excerpt":{"rendered":"<p>Na \u00faltima reuni\u00e3o do ano, CCTCI recomenda ao Minist\u00e9rio das Comunica\u00e7\u00f5es que inclua nos contratos de concess\u00e3o novas cl\u00e1usulas, incluindo obriga\u00e7\u00f5es sobre regionaliza\u00e7\u00e3o da programa\u00e7\u00e3o, concentra\u00e7\u00e3o de propriedade e cria\u00e7\u00e3o de conselhos de espectadores<\/p>\n","protected":false},"author":1,"featured_media":0,"comment_status":"open","ping_status":"open","sticky":false,"template":"","format":"standard","meta":{"footnotes":""},"categories":[40],"tags":[106],"_links":{"self":[{"href":"https:\/\/obscom.intervozes.org.br\/index.php?rest_route=\/wp\/v2\/posts\/22310"}],"collection":[{"href":"https:\/\/obscom.intervozes.org.br\/index.php?rest_route=\/wp\/v2\/posts"}],"about":[{"href":"https:\/\/obscom.intervozes.org.br\/index.php?rest_route=\/wp\/v2\/types\/post"}],"author":[{"embeddable":true,"href":"https:\/\/obscom.intervozes.org.br\/index.php?rest_route=\/wp\/v2\/users\/1"}],"replies":[{"embeddable":true,"href":"https:\/\/obscom.intervozes.org.br\/index.php?rest_route=%2Fwp%2Fv2%2Fcomments&post=22310"}],"version-history":[{"count":4,"href":"https:\/\/obscom.intervozes.org.br\/index.php?rest_route=\/wp\/v2\/posts\/22310\/revisions"}],"predecessor-version":[{"id":27993,"href":"https:\/\/obscom.intervozes.org.br\/index.php?rest_route=\/wp\/v2\/posts\/22310\/revisions\/27993"}],"wp:attachment":[{"href":"https:\/\/obscom.intervozes.org.br\/index.php?rest_route=%2Fwp%2Fv2%2Fmedia&parent=22310"}],"wp:term":[{"taxonomy":"category","embeddable":true,"href":"https:\/\/obscom.intervozes.org.br\/index.php?rest_route=%2Fwp%2Fv2%2Fcategories&post=22310"},{"taxonomy":"post_tag","embeddable":true,"href":"https:\/\/obscom.intervozes.org.br\/index.php?rest_route=%2Fwp%2Fv2%2Ftags&post=22310"}],"curies":[{"name":"wp","href":"https:\/\/api.w.org\/{rel}","templated":true}]}}