{"id":22308,"date":"2008-12-18T18:38:13","date_gmt":"2008-12-18T18:38:13","guid":{"rendered":"https:\/\/obscom.intervozes.org.br\/wordpress\/?p=22308"},"modified":"2008-12-18T18:38:13","modified_gmt":"2008-12-18T18:38:13","slug":"justica-de-goias-declara-ilegal-apreensao-de-equipamento","status":"publish","type":"post","link":"https:\/\/obscom.intervozes.org.br\/?p=22308","title":{"rendered":"Justi\u00e7a de Goi\u00e1s declara ilegal apreens\u00e3o de equipamento"},"content":{"rendered":"<p>   \t \t \t \t \t<!-- \t\t@page { margin: 2cm } \t\tP { margin-bottom: 0.21cm } \t--> \t   <\/p>\n<p style=\"margin-bottom: 0cm\" class=\"western padrao\">A Associa&ccedil;&atilde;o Cultural e Educacional de Caldas Novas (Acecan), mantenedora da r&aacute;dio comunit&aacute;ria Vis&atilde;o FM, 105,9 mhz, entrou com mandado de seguran&ccedil;a na justi&ccedil;a federal de Goi&aacute;s contra a&ccedil;&atilde;o da Anatel cujos agentes, no dia 21 de agosto, invadiram, autuaram e apreenderam os equipamentos da r&aacute;dio sem mandado de busca e apreens&atilde;o, desrespeitando a liminar concedida pelo STF na Adin 1.668. A R&aacute;dio Vis&atilde;o FM funciona desde 11 de julho de 2006 em Caldas Novas, Goi&aacute;s, atende a todas as exig&ecirc;ncias legais, como estrutura f&iacute;sica, geogr&aacute;fica, freq&uuml;&ecirc;ncia e alcance permitidos por lei, e contribui para aperfei&ccedil;oamento cultural e educacional da comunidade.<\/p>\n<p>Reconhecendo sua legalidade, o Poder Judici&aacute;rio do estado de Goi&aacute;s permitiu que a r&aacute;dio transmitisse a propaganda eleitoral gratuita das elei&ccedil;&otilde;es municipais e a pr&oacute;pria Anatel homologou o equipamento da R&aacute;dio Vis&atilde;o FM. Em 23 de junho de 2003, a R&aacute;dio Vis&atilde;o foi declarada pelo poder legislativo de Caldas Novas entidade de utilidade p&uacute;blica pela lei municipal 1.523\/2007, afastando qualquer hip&oacute;tese de clandestinidade. A R&aacute;dio Vis&atilde;o FM possui toda documenta&ccedil;&atilde;o legal exigida pela lei 9.612\/98, que regula o servi&ccedil;o de radiodifus&atilde;o comunit&aacute;ria operando com um transmissor de 25w, pot&ecirc;ncia permitida por lei. A defesa da R&aacute;dio Vis&atilde;o atrav&eacute;s de seu advogado prova na peti&ccedil;&atilde;o que a Adin 1.668 continua em pleno vigor, dotada de total efic&aacute;cia e alega que o ato dos agentes da Anatel &eacute; arbitr&aacute;rio e ilegal.<\/p>\n<p><strong>Juiz suspende a&ccedil;&atilde;o da Anatel<\/strong><\/p>\n<p>Na Adin 1.668 (a&ccedil;&atilde;o direta de institucionalidade), foi decidido pelo STF que os agentes da Anatel, Pol&iacute;cia Federal e Uni&atilde;o n&atilde;o podem, sem mandado judicial, apreender os equipamentos radiof&ocirc;nicos de uma emissora comunit&aacute;ria. Na pr&aacute;tica, a Adin reafirma que a Anatel &eacute; um &oacute;rg&atilde;o regulador e n&atilde;o tem poder de pol&iacute;cia.<\/p>\n<p>O juiz da 9&ordf; Vara Federal de Goi&aacute;s prolatou em 14 de novembro de 2008 senten&ccedil;a concedendo mandado de seguran&ccedil;a &agrave; R&aacute;dio Vis&atilde;o FM (Acecan) de Caldas Novas, declarando ilegal o auto de infra&ccedil;&atilde;o e apreens&atilde;o n&ordm; 0003\/6020080092, lavrado pela Anatel em 21 de agosto de 2008, e determinando ainda a imediata devolu&ccedil;&atilde;o da aparelhagem apreendida. O magistrado federal acolheu os argumentos do advogado da R&aacute;dio Vis&atilde;o FM, dr. Fernando Augusto de Santana Jardim, de que a Anatel n&atilde;o tem poder de pol&iacute;cia devido ao pronunciamento feito pelo plen&aacute;rio do Supremo Tribunal Federal na Adin 1.668-DF, suspendendo a efic&aacute;cia do art.19, XV, da Lei 9.472\/97, lei geral de telecomunica&ccedil;&otilde;es.<\/p>\n","protected":false},"excerpt":{"rendered":"<p>A Associa&ccedil;&atilde;o Cultural e Educacional de Caldas Novas (Acecan), mantenedora da r&aacute;dio comunit&aacute;ria Vis&atilde;o FM, 105,9 mhz, entrou com mandado de seguran&ccedil;a na justi&ccedil;a federal de Goi&aacute;s contra a&ccedil;&atilde;o da Anatel cujos agentes, no dia 21 de agosto, invadiram, autuaram e apreenderam os equipamentos da r&aacute;dio sem mandado de busca e apreens&atilde;o, desrespeitando a liminar &hellip; <a href=\"https:\/\/obscom.intervozes.org.br\/?p=22308\" class=\"more-link\">Continue lendo <span class=\"screen-reader-text\">Justi\u00e7a de Goi\u00e1s declara ilegal apreens\u00e3o de equipamento<\/span> <span class=\"meta-nav\">&rarr;<\/span><\/a><\/p>\n","protected":false},"author":1,"featured_media":0,"comment_status":"open","ping_status":"open","sticky":false,"template":"","format":"standard","meta":{"footnotes":""},"categories":[40],"tags":[786],"_links":{"self":[{"href":"https:\/\/obscom.intervozes.org.br\/index.php?rest_route=\/wp\/v2\/posts\/22308"}],"collection":[{"href":"https:\/\/obscom.intervozes.org.br\/index.php?rest_route=\/wp\/v2\/posts"}],"about":[{"href":"https:\/\/obscom.intervozes.org.br\/index.php?rest_route=\/wp\/v2\/types\/post"}],"author":[{"embeddable":true,"href":"https:\/\/obscom.intervozes.org.br\/index.php?rest_route=\/wp\/v2\/users\/1"}],"replies":[{"embeddable":true,"href":"https:\/\/obscom.intervozes.org.br\/index.php?rest_route=%2Fwp%2Fv2%2Fcomments&post=22308"}],"version-history":[{"count":0,"href":"https:\/\/obscom.intervozes.org.br\/index.php?rest_route=\/wp\/v2\/posts\/22308\/revisions"}],"wp:attachment":[{"href":"https:\/\/obscom.intervozes.org.br\/index.php?rest_route=%2Fwp%2Fv2%2Fmedia&parent=22308"}],"wp:term":[{"taxonomy":"category","embeddable":true,"href":"https:\/\/obscom.intervozes.org.br\/index.php?rest_route=%2Fwp%2Fv2%2Fcategories&post=22308"},{"taxonomy":"post_tag","embeddable":true,"href":"https:\/\/obscom.intervozes.org.br\/index.php?rest_route=%2Fwp%2Fv2%2Ftags&post=22308"}],"curies":[{"name":"wp","href":"https:\/\/api.w.org\/{rel}","templated":true}]}}