{"id":22305,"date":"2008-12-18T18:04:16","date_gmt":"2008-12-18T18:04:16","guid":{"rendered":"https:\/\/obscom.intervozes.org.br\/wordpress\/?p=22305"},"modified":"2008-12-18T18:04:16","modified_gmt":"2008-12-18T18:04:16","slug":"orcamento-aprovado-pelo-congresso-reserva-r-82-mi-para-conferencia-nacional-de-comunicacao","status":"publish","type":"post","link":"https:\/\/obscom.intervozes.org.br\/?p=22305","title":{"rendered":"Or\u00e7amento aprovado pelo Congresso reserva R$ 8,2 mi para Confer\u00eancia Nacional de Comunica\u00e7\u00e3o"},"content":{"rendered":"<p>   \t \t \t \t \t<!-- \t\t@page { margin: 2cm } \t\tP { margin-bottom: 0.21cm } \t--> \t  <\/p>\n<p style=\"margin-bottom: 0cm\" class=\"western padrao\">O Or&ccedil;amento da Uni&atilde;o aprovado pelo Congresso Nacional nesta quinta-feira (18) manteve a emenda da Comiss&atilde;o de Ci&ecirc;ncia e Tecnologia, Comunica&ccedil;&atilde;o e Inform&aacute;tica (CCTCI) que reserva dinheiro para o financiamento das etapas regionais e nacional da Confer&ecirc;ncia Nacional de Comunica&ccedil;&atilde;o.<\/p>\n<p>Por conta da redu&ccedil;&atilde;o de previs&atilde;o de receitas em fun&ccedil;&atilde;o da crise econ&ocirc;mica mundial, o valor da emenda caiu dos R$ 10 milh&otilde;es previstos pela comiss&atilde;o para R$ 8,2 milh&otilde;es no relat&oacute;rio final. O dinheiro passa a integrar o or&ccedil;amento do Minist&eacute;rio das Comunica&ccedil;&otilde;es. <\/p>\n<p>A aprova&ccedil;&atilde;o da emenda refor&ccedil;a a press&atilde;o para que o Executivo convoque o quanto antes a confer&ecirc;ncia. Para evitar o contingenciamento desta verba, &eacute; preciso empenhar rapidamente os valores previstos no or&ccedil;amento.<\/p>\n","protected":false},"excerpt":{"rendered":"<p>O Or&ccedil;amento da Uni&atilde;o aprovado pelo Congresso Nacional nesta quinta-feira (18) manteve a emenda da Comiss&atilde;o de Ci&ecirc;ncia e Tecnologia, Comunica&ccedil;&atilde;o e Inform&aacute;tica (CCTCI) que reserva dinheiro para o financiamento das etapas regionais e nacional da Confer&ecirc;ncia Nacional de Comunica&ccedil;&atilde;o. Por conta da redu&ccedil;&atilde;o de previs&atilde;o de receitas em fun&ccedil;&atilde;o da crise econ&ocirc;mica mundial, o &hellip; <a href=\"https:\/\/obscom.intervozes.org.br\/?p=22305\" class=\"more-link\">Continue lendo <span class=\"screen-reader-text\">Or\u00e7amento aprovado pelo Congresso reserva R$ 8,2 mi para Confer\u00eancia Nacional de Comunica\u00e7\u00e3o<\/span> <span class=\"meta-nav\">&rarr;<\/span><\/a><\/p>\n","protected":false},"author":1,"featured_media":0,"comment_status":"open","ping_status":"open","sticky":false,"template":"","format":"standard","meta":{"footnotes":""},"categories":[39],"tags":[],"_links":{"self":[{"href":"https:\/\/obscom.intervozes.org.br\/index.php?rest_route=\/wp\/v2\/posts\/22305"}],"collection":[{"href":"https:\/\/obscom.intervozes.org.br\/index.php?rest_route=\/wp\/v2\/posts"}],"about":[{"href":"https:\/\/obscom.intervozes.org.br\/index.php?rest_route=\/wp\/v2\/types\/post"}],"author":[{"embeddable":true,"href":"https:\/\/obscom.intervozes.org.br\/index.php?rest_route=\/wp\/v2\/users\/1"}],"replies":[{"embeddable":true,"href":"https:\/\/obscom.intervozes.org.br\/index.php?rest_route=%2Fwp%2Fv2%2Fcomments&post=22305"}],"version-history":[{"count":0,"href":"https:\/\/obscom.intervozes.org.br\/index.php?rest_route=\/wp\/v2\/posts\/22305\/revisions"}],"wp:attachment":[{"href":"https:\/\/obscom.intervozes.org.br\/index.php?rest_route=%2Fwp%2Fv2%2Fmedia&parent=22305"}],"wp:term":[{"taxonomy":"category","embeddable":true,"href":"https:\/\/obscom.intervozes.org.br\/index.php?rest_route=%2Fwp%2Fv2%2Fcategories&post=22305"},{"taxonomy":"post_tag","embeddable":true,"href":"https:\/\/obscom.intervozes.org.br\/index.php?rest_route=%2Fwp%2Fv2%2Ftags&post=22305"}],"curies":[{"name":"wp","href":"https:\/\/api.w.org\/{rel}","templated":true}]}}