{"id":22297,"date":"2008-12-17T18:34:15","date_gmt":"2008-12-17T18:34:15","guid":{"rendered":"https:\/\/obscom.intervozes.org.br\/wordpress\/?p=22297"},"modified":"2008-12-17T18:34:15","modified_gmt":"2008-12-17T18:34:15","slug":"helio-costa-vai-ao-tcu-para-conversar-sobre-medida-cautelar-que-adiou-autorizacao","status":"publish","type":"post","link":"https:\/\/obscom.intervozes.org.br\/?p=22297","title":{"rendered":"H\u00e9lio Costa vai ao TCU para conversar sobre medida cautelar que adiou autoriza\u00e7\u00e3o"},"content":{"rendered":"<p>   \t \t \t \t \t<!-- \t\t@page { margin: 2cm } \t\tP { margin-bottom: 0.21cm } \t--> \t  <\/p>\n<p style=\"margin-bottom: 0cm\" class=\"western padrao\">O ministro das Comunica&ccedil;&otilde;es, H&eacute;lio Costa, se reuniu nesta quarta-feira (17), com o ministro do Tribunal de Contas da Uni&atilde;o (TCU), Raimundo Carreiro, que expediu a medida cautelar impedindo a Ag&ecirc;ncia Nacional de Telecomunica&ccedil;&otilde;es (Anatel) de deliberar sobre a anu&ecirc;ncia pr&eacute;via da compra da Brasil Telecom pela Oi que&nbsp;aconteceria hoje durante reuni&atilde;o do Conselho Diretor da ag&ecirc;ncia. O interesse pelo encontro partiu de Costa que espera entender a real motiva&ccedil;&atilde;o da decis&atilde;o.<\/p>\n<p>Fontes do Minicom asseguram que H&eacute;lio Costa n&atilde;o tem o interesse em intervir no impasse entre o tribunal e a autarquia, j&aacute; que a medida cautelar n&atilde;o foi movida contra a Uni&atilde;o.<\/p>\n<p>A decis&atilde;o do ministro Raimundo Carreiro estabelece o prazo de 15 dias para que a Anatel esclare&ccedil;a ao TCU quais seriam os impactos da futura fus&atilde;o das concession&aacute;rias, especialmente em termos s&oacute;cio-econ&ocirc;micos e concorrenciais para os atuais e potenciais usu&aacute;rios dos servi&ccedil;os. De acordo com o TCU, a Anatel tem cinco dias para apresentar um agravo &agrave; decis&atilde;o. Por enquanto, a vota&ccedil;&atilde;o para decidir fus&atilde;o entre as empresas continua suspensa.<\/p>\n","protected":false},"excerpt":{"rendered":"<p>O ministro das Comunica&ccedil;&otilde;es, H&eacute;lio Costa, se reuniu nesta quarta-feira (17), com o ministro do Tribunal de Contas da Uni&atilde;o (TCU), Raimundo Carreiro, que expediu a medida cautelar impedindo a Ag&ecirc;ncia Nacional de Telecomunica&ccedil;&otilde;es (Anatel) de deliberar sobre a anu&ecirc;ncia pr&eacute;via da compra da Brasil Telecom pela Oi que&nbsp;aconteceria hoje durante reuni&atilde;o do Conselho Diretor &hellip; <a href=\"https:\/\/obscom.intervozes.org.br\/?p=22297\" class=\"more-link\">Continue lendo <span class=\"screen-reader-text\">H\u00e9lio Costa vai ao TCU para conversar sobre medida cautelar que adiou autoriza\u00e7\u00e3o<\/span> <span class=\"meta-nav\">&rarr;<\/span><\/a><\/p>\n","protected":false},"author":1,"featured_media":0,"comment_status":"open","ping_status":"open","sticky":false,"template":"","format":"standard","meta":{"footnotes":""},"categories":[40],"tags":[859],"_links":{"self":[{"href":"https:\/\/obscom.intervozes.org.br\/index.php?rest_route=\/wp\/v2\/posts\/22297"}],"collection":[{"href":"https:\/\/obscom.intervozes.org.br\/index.php?rest_route=\/wp\/v2\/posts"}],"about":[{"href":"https:\/\/obscom.intervozes.org.br\/index.php?rest_route=\/wp\/v2\/types\/post"}],"author":[{"embeddable":true,"href":"https:\/\/obscom.intervozes.org.br\/index.php?rest_route=\/wp\/v2\/users\/1"}],"replies":[{"embeddable":true,"href":"https:\/\/obscom.intervozes.org.br\/index.php?rest_route=%2Fwp%2Fv2%2Fcomments&post=22297"}],"version-history":[{"count":0,"href":"https:\/\/obscom.intervozes.org.br\/index.php?rest_route=\/wp\/v2\/posts\/22297\/revisions"}],"wp:attachment":[{"href":"https:\/\/obscom.intervozes.org.br\/index.php?rest_route=%2Fwp%2Fv2%2Fmedia&parent=22297"}],"wp:term":[{"taxonomy":"category","embeddable":true,"href":"https:\/\/obscom.intervozes.org.br\/index.php?rest_route=%2Fwp%2Fv2%2Fcategories&post=22297"},{"taxonomy":"post_tag","embeddable":true,"href":"https:\/\/obscom.intervozes.org.br\/index.php?rest_route=%2Fwp%2Fv2%2Ftags&post=22297"}],"curies":[{"name":"wp","href":"https:\/\/api.w.org\/{rel}","templated":true}]}}