{"id":22296,"date":"2008-12-17T18:28:32","date_gmt":"2008-12-17T18:28:32","guid":{"rendered":"https:\/\/obscom.intervozes.org.br\/wordpress\/?p=22296"},"modified":"2008-12-17T18:28:32","modified_gmt":"2008-12-17T18:28:32","slug":"helio-costa-cobra-disposicao-da-industria-para-popularizar-tv-digital","status":"publish","type":"post","link":"https:\/\/obscom.intervozes.org.br\/?p=22296","title":{"rendered":"H\u00e9lio Costa cobra &#8216;disposi\u00e7\u00e3o&#8217; da ind\u00fastria para popularizar TV digital"},"content":{"rendered":"<p>   \t \t \t \t \t<!-- \t\t@page { margin: 2cm } \t\tP { margin-bottom: 0.21cm } \t--> \t  <\/p>\n<p style=\"margin-bottom: 0cm\" class=\"western padrao\">Ap&oacute;s admitir que lamentavelmente o pa&iacute;s ainda n&atilde;o produza conversores de TV digital em n&uacute;mero suficiente para atender a popula&ccedil;&atilde;o, o ministro das Comunica&ccedil;&otilde;es, H&eacute;lio Costa, afirmou hoje (17) que falta engajamento da pr&oacute;pria ind&uacute;stria para popularizar a nova tecnologia.<\/p>\n<p>&ldquo;Infelizmente, at&eacute; agora, n&atilde;o vi uma disposi&ccedil;&atilde;o da ind&uacute;stria de realmente produzir dentro da expectativa e da necessidade da TV digital. Temos, em m&eacute;dia, 200 mil conversores nos mercados por m&ecirc;s. Se tiv&eacute;ssemos um milh&atilde;o, todos seriam vendidos&rdquo;, afirmou, durante entrevista a emissoras de r&aacute;dio, no programa Bom dia, Ministro.<\/p>\n<p>H&eacute;lio Costa lembrou que, h&aacute; cerca de um ano &ndash; quando o conversor foi lan&ccedil;ado no Brasil &ndash;, o pre&ccedil;o por aparelho chegava a R$ 1,4 mil. Na &eacute;poca, o pr&oacute;prio ministro criticou o valor do equipamento e incentivou que a popula&ccedil;&atilde;o aguardasse uma queda nos pre&ccedil;os para comprar os conversores. Atualmente, por&eacute;m, o aparelho &eacute; vendido a R$ 240, o que, segundo ele, &eacute; um pre&ccedil;o acess&iacute;vel. O ministro voltou a insistir que, caso a ind&uacute;stria se mostrasse disposta a aumentar a oferta de conversores, a popula&ccedil;&atilde;o teria mais acesso ao servi&ccedil;o digital.<\/p>\n","protected":false},"excerpt":{"rendered":"<p>Ap&oacute;s admitir que lamentavelmente o pa&iacute;s ainda n&atilde;o produza conversores de TV digital em n&uacute;mero suficiente para atender a popula&ccedil;&atilde;o, o ministro das Comunica&ccedil;&otilde;es, H&eacute;lio Costa, afirmou hoje (17) que falta engajamento da pr&oacute;pria ind&uacute;stria para popularizar a nova tecnologia. &ldquo;Infelizmente, at&eacute; agora, n&atilde;o vi uma disposi&ccedil;&atilde;o da ind&uacute;stria de realmente produzir dentro da expectativa &hellip; <a href=\"https:\/\/obscom.intervozes.org.br\/?p=22296\" class=\"more-link\">Continue lendo <span class=\"screen-reader-text\">H\u00e9lio Costa cobra &#8216;disposi\u00e7\u00e3o&#8217; da ind\u00fastria para popularizar TV digital<\/span> <span class=\"meta-nav\">&rarr;<\/span><\/a><\/p>\n","protected":false},"author":1,"featured_media":0,"comment_status":"open","ping_status":"open","sticky":false,"template":"","format":"standard","meta":{"footnotes":""},"categories":[40],"tags":[601],"_links":{"self":[{"href":"https:\/\/obscom.intervozes.org.br\/index.php?rest_route=\/wp\/v2\/posts\/22296"}],"collection":[{"href":"https:\/\/obscom.intervozes.org.br\/index.php?rest_route=\/wp\/v2\/posts"}],"about":[{"href":"https:\/\/obscom.intervozes.org.br\/index.php?rest_route=\/wp\/v2\/types\/post"}],"author":[{"embeddable":true,"href":"https:\/\/obscom.intervozes.org.br\/index.php?rest_route=\/wp\/v2\/users\/1"}],"replies":[{"embeddable":true,"href":"https:\/\/obscom.intervozes.org.br\/index.php?rest_route=%2Fwp%2Fv2%2Fcomments&post=22296"}],"version-history":[{"count":0,"href":"https:\/\/obscom.intervozes.org.br\/index.php?rest_route=\/wp\/v2\/posts\/22296\/revisions"}],"wp:attachment":[{"href":"https:\/\/obscom.intervozes.org.br\/index.php?rest_route=%2Fwp%2Fv2%2Fmedia&parent=22296"}],"wp:term":[{"taxonomy":"category","embeddable":true,"href":"https:\/\/obscom.intervozes.org.br\/index.php?rest_route=%2Fwp%2Fv2%2Fcategories&post=22296"},{"taxonomy":"post_tag","embeddable":true,"href":"https:\/\/obscom.intervozes.org.br\/index.php?rest_route=%2Fwp%2Fv2%2Ftags&post=22296"}],"curies":[{"name":"wp","href":"https:\/\/api.w.org\/{rel}","templated":true}]}}