{"id":22294,"date":"2008-12-17T18:14:18","date_gmt":"2008-12-17T18:14:18","guid":{"rendered":"https:\/\/obscom.intervozes.org.br\/wordpress\/?p=22294"},"modified":"2008-12-17T18:14:18","modified_gmt":"2008-12-17T18:14:18","slug":"anatel-recorre-ao-tcu-para-rever-medida-que-suspendeu-votacao-de-anuencia-previa","status":"publish","type":"post","link":"https:\/\/obscom.intervozes.org.br\/?p=22294","title":{"rendered":"Anatel recorre ao TCU para rever medida que suspendeu vota\u00e7\u00e3o de anu\u00eancia pr\u00e9via"},"content":{"rendered":"<p> \t \t \t \t<!-- \t\t@page { margin: 2cm } \t\tP { margin-bottom: 0.21cm } \t--> \t  <\/p>\n<p style=\"margin-bottom: 0cm\" class=\"western padrao\">O Conselho Diretor da Ag&ecirc;ncia Nacional de Telecomunica&ccedil;&otilde;es (Anatel) remarcou para amanh&atilde; de manh&atilde; (&agrave;s 9h30) a reuni&atilde;o que faria hoje para decidir sobre a fus&atilde;o da Oi com a Brasil Telecom. At&eacute; l&aacute;, a ag&ecirc;ncia espera que o Tribunal de Contas da Uni&atilde;o (TCU) tenha acatado o seu pedido de reconsidera&ccedil;&atilde;o. Se o ministro relator, Raimundo Carreiro, n&atilde;o reconsiderar a decis&atilde;o de mandar suspender a anu&ecirc;ncia pr&eacute;via, caber&aacute; ainda recurso ao presidente do tribunal, informam fontes da ag&ecirc;ncia.<\/p>\n<p>A defesa da Anatel j&aacute; foi protocolada no tribunal pela sua procuradora, Ana Luiza Ribeiro, e o chefe de gabinete da Anatel, Rodrigo Barbosa.<\/p>\n<p>A primeira reuni&atilde;o de amanh&atilde; ser&aacute; uma continuidade da sess&atilde;o de hoje, que foi suspensa. Se a ag&ecirc;ncia conseguir ganhar no TCU, haver&aacute; ainda tempo para que o processo seja conclu&iacute;do amanh&atilde;, mesmo que um conselheiro pe&ccedil;a vistas ao processo. A segunda reuni&atilde;o para a vota&ccedil;&atilde;o final seria realizada, ent&atilde;o, no per&iacute;odo da tarde. &Eacute; prov&aacute;vel que um dos conselheiros apresente voto em separado.<\/p>\n<p><strong>Salvaguarda<\/strong><\/p>\n<p>H&aacute; d&uacute;vidas se a cautelar concedida pelo tribunal, que impede a aprova&ccedil;&atilde;o da fus&atilde;o, faria parte da salvaguarda prevista contrato de compra da Brasil Telecom, de que a multa de R$ 490 milh&otilde;es n&atilde;o seria cobrada caso alguma decis&atilde;o judicial paralisasse o processo. O problema &eacute; que o tribunal &eacute; uma entidade administrativa e n&atilde;o judici&aacute;ria. Mas n&atilde;o parece que os vendedores estariam dispostos a exercer o <em>break up fee<\/em>, for&ccedil;ando o fim do acordo e o desembolso da multa nesse atual momento econ&ocirc;mico.<\/p>\n","protected":false},"excerpt":{"rendered":"<p>O Conselho Diretor da Ag&ecirc;ncia Nacional de Telecomunica&ccedil;&otilde;es (Anatel) remarcou para amanh&atilde; de manh&atilde; (&agrave;s 9h30) a reuni&atilde;o que faria hoje para decidir sobre a fus&atilde;o da Oi com a Brasil Telecom. At&eacute; l&aacute;, a ag&ecirc;ncia espera que o Tribunal de Contas da Uni&atilde;o (TCU) tenha acatado o seu pedido de reconsidera&ccedil;&atilde;o. Se o ministro &hellip; <a href=\"https:\/\/obscom.intervozes.org.br\/?p=22294\" class=\"more-link\">Continue lendo <span class=\"screen-reader-text\">Anatel recorre ao TCU para rever medida que suspendeu vota\u00e7\u00e3o de anu\u00eancia pr\u00e9via<\/span> <span class=\"meta-nav\">&rarr;<\/span><\/a><\/p>\n","protected":false},"author":1,"featured_media":0,"comment_status":"open","ping_status":"open","sticky":false,"template":"","format":"standard","meta":{"footnotes":""},"categories":[40],"tags":[859],"_links":{"self":[{"href":"https:\/\/obscom.intervozes.org.br\/index.php?rest_route=\/wp\/v2\/posts\/22294"}],"collection":[{"href":"https:\/\/obscom.intervozes.org.br\/index.php?rest_route=\/wp\/v2\/posts"}],"about":[{"href":"https:\/\/obscom.intervozes.org.br\/index.php?rest_route=\/wp\/v2\/types\/post"}],"author":[{"embeddable":true,"href":"https:\/\/obscom.intervozes.org.br\/index.php?rest_route=\/wp\/v2\/users\/1"}],"replies":[{"embeddable":true,"href":"https:\/\/obscom.intervozes.org.br\/index.php?rest_route=%2Fwp%2Fv2%2Fcomments&post=22294"}],"version-history":[{"count":0,"href":"https:\/\/obscom.intervozes.org.br\/index.php?rest_route=\/wp\/v2\/posts\/22294\/revisions"}],"wp:attachment":[{"href":"https:\/\/obscom.intervozes.org.br\/index.php?rest_route=%2Fwp%2Fv2%2Fmedia&parent=22294"}],"wp:term":[{"taxonomy":"category","embeddable":true,"href":"https:\/\/obscom.intervozes.org.br\/index.php?rest_route=%2Fwp%2Fv2%2Fcategories&post=22294"},{"taxonomy":"post_tag","embeddable":true,"href":"https:\/\/obscom.intervozes.org.br\/index.php?rest_route=%2Fwp%2Fv2%2Ftags&post=22294"}],"curies":[{"name":"wp","href":"https:\/\/api.w.org\/{rel}","templated":true}]}}