{"id":22293,"date":"2008-12-17T18:08:07","date_gmt":"2008-12-17T18:08:07","guid":{"rendered":"https:\/\/obscom.intervozes.org.br\/wordpress\/?p=22293"},"modified":"2008-12-17T18:08:07","modified_gmt":"2008-12-17T18:08:07","slug":"tcu-adia-autorizacao-para-fusao-brt-oi-empresas-e-anatel-tem-pressa","status":"publish","type":"post","link":"https:\/\/obscom.intervozes.org.br\/?p=22293","title":{"rendered":"TCU adia autoriza\u00e7\u00e3o para fus\u00e3o BrT-Oi; empresas e Anatel t\u00eam pressa"},"content":{"rendered":"<p>   \t \t \t \t \t<!-- \t\t@page { margin: 2cm } \t\tP { margin-bottom: 0.21cm } \t--> \t  <\/p>\n<p style=\"margin-bottom: 0cm\" class=\"western padrao\">O Tribunal de Contas da Uni&atilde;o (TCU) emitiu medida cautelar contra a vota&ccedil;&atilde;o pelo Conselho Diretor da Ag&ecirc;ncia Nacional de Telecomunica&ccedil;&otilde;es (Anatel)  da anu&ecirc;ncia pr&eacute;via para compra da Brasil Telecom pela Oi. A vota&ccedil;&atilde;o estava marcada para a manh&atilde; desta quarta-feira (17). <\/p>\n<p>A Anatel remarcou a reuni&atilde;o para amanh&atilde; (18), &agrave;s 9h30. O &oacute;rg&atilde;o regulador espera conseguir, at&eacute; este hor&aacute;rio, resposta positiva a recurso junto ao TCU. N&atilde;o est&aacute; descartada a possibilidade de recorrer ao Supremo Tribunal Federal.<\/p>\n<p>A pressa da Anatel corresponde &agrave; pressa das empresas envolvidas no neg&oacute;cio. Pelo contrato j&aacute; assinado entre Oi e BrT, a primeira ter&aacute; de pagar multa de R$ 490 milh&otilde;es caso o neg&oacute;cio n&atilde;o seja conclu&iacute;do at&eacute; dia 19. Para ser considerada &ldquo;fechada&rdquo;, a fus&atilde;o precisa da autoriza&ccedil;&atilde;o da Anatel.<\/p>\n<p>A negocia&ccedil;&atilde;o entre as empresas j&aacute; havia se refletido sobre o trabalho de regula&ccedil;&atilde;o da ag&ecirc;ncia, que aprovou em tempo recorde mudan&ccedil;as no Plano Geral de Outorgas (PGO) para permitir que uma mesma empresa seja concession&aacute;ria de telefonia fixa em duas regi&otilde;es diferentes. Com isso, a Oi pode passar a controlar a &aacute;rea hoje sob controle da Brasil Telecom sem ferir a legisla&ccedil;&atilde;o.<\/p>\n<p><em>Com informa&ccedil;&otilde;es do TeleTime News.<\/em><\/p>\n","protected":false},"excerpt":{"rendered":"<p>O Tribunal de Contas da Uni&atilde;o (TCU) emitiu medida cautelar contra a vota&ccedil;&atilde;o pelo Conselho Diretor da Ag&ecirc;ncia Nacional de Telecomunica&ccedil;&otilde;es (Anatel) da anu&ecirc;ncia pr&eacute;via para compra da Brasil Telecom pela Oi. A vota&ccedil;&atilde;o estava marcada para a manh&atilde; desta quarta-feira (17). A Anatel remarcou a reuni&atilde;o para amanh&atilde; (18), &agrave;s 9h30. O &oacute;rg&atilde;o regulador &hellip; <a href=\"https:\/\/obscom.intervozes.org.br\/?p=22293\" class=\"more-link\">Continue lendo <span class=\"screen-reader-text\">TCU adia autoriza\u00e7\u00e3o para fus\u00e3o BrT-Oi; empresas e Anatel t\u00eam pressa<\/span> <span class=\"meta-nav\">&rarr;<\/span><\/a><\/p>\n","protected":false},"author":1,"featured_media":0,"comment_status":"open","ping_status":"open","sticky":false,"template":"","format":"standard","meta":{"footnotes":""},"categories":[39],"tags":[],"_links":{"self":[{"href":"https:\/\/obscom.intervozes.org.br\/index.php?rest_route=\/wp\/v2\/posts\/22293"}],"collection":[{"href":"https:\/\/obscom.intervozes.org.br\/index.php?rest_route=\/wp\/v2\/posts"}],"about":[{"href":"https:\/\/obscom.intervozes.org.br\/index.php?rest_route=\/wp\/v2\/types\/post"}],"author":[{"embeddable":true,"href":"https:\/\/obscom.intervozes.org.br\/index.php?rest_route=\/wp\/v2\/users\/1"}],"replies":[{"embeddable":true,"href":"https:\/\/obscom.intervozes.org.br\/index.php?rest_route=%2Fwp%2Fv2%2Fcomments&post=22293"}],"version-history":[{"count":0,"href":"https:\/\/obscom.intervozes.org.br\/index.php?rest_route=\/wp\/v2\/posts\/22293\/revisions"}],"wp:attachment":[{"href":"https:\/\/obscom.intervozes.org.br\/index.php?rest_route=%2Fwp%2Fv2%2Fmedia&parent=22293"}],"wp:term":[{"taxonomy":"category","embeddable":true,"href":"https:\/\/obscom.intervozes.org.br\/index.php?rest_route=%2Fwp%2Fv2%2Fcategories&post=22293"},{"taxonomy":"post_tag","embeddable":true,"href":"https:\/\/obscom.intervozes.org.br\/index.php?rest_route=%2Fwp%2Fv2%2Ftags&post=22293"}],"curies":[{"name":"wp","href":"https:\/\/api.w.org\/{rel}","templated":true}]}}