{"id":22291,"date":"2008-12-17T17:51:02","date_gmt":"2008-12-17T17:51:02","guid":{"rendered":"https:\/\/obscom.intervozes.org.br\/wordpress\/?p=22291"},"modified":"2008-12-17T17:51:02","modified_gmt":"2008-12-17T17:51:02","slug":"tcu-suspende-votacao-de-anuencia-previa-para-brt-oi-na-anatel","status":"publish","type":"post","link":"https:\/\/obscom.intervozes.org.br\/?p=22291","title":{"rendered":"TCU suspende vota\u00e7\u00e3o de anu\u00eancia pr\u00e9via para BrT-Oi na Anatel"},"content":{"rendered":"<p>   \t \t \t \t \t<!-- \t\t@page { margin: 2cm } \t\tP { margin-bottom: 0.21cm } \t--> \t  <\/p>\n<p style=\"margin-bottom: 0cm\" class=\"western padrao\"><a name=\"lblTexto\" title=\"lblTexto\"><\/a>O dia decisivo para a cria&ccedil;&atilde;o da BrT-Oi j&aacute; come&ccedil;ou turbulento. A Ag&ecirc;ncia Nacional de Telecomunica&ccedil;&otilde;es (Anatel) foi surpreendida com uma medida cautelar emitida pelo ministro Raimundo Carreiro, do Tribunal de Contas da Uni&atilde;o (TCU), suspendendo a delibera&ccedil;&atilde;o da ag&ecirc;ncia sobre a anu&ecirc;ncia pr&eacute;via para a compra da Brasil Telecom pela Oi. Por conta da cautelar, a Anatel remarcou a reuni&atilde;o do Conselho Diretor, inicialmente prevista para &agrave;s 10h, para &agrave;s 15h30. <\/p>\n<p>Segundo informa&ccedil;&otilde;es preliminares do TCU, a ag&ecirc;ncia estaria tomando a decis&atilde;o sobre a BrT-Oi sem informa&ccedil;&otilde;es suficientes sobre a opera&ccedil;&atilde;o, da&iacute; a emiss&atilde;o da cautelar. O perigo apontado pelo ministro &eacute; que a opera&ccedil;&atilde;o prejudique o er&aacute;rio p&uacute;blico. Para conseguir reverter a suspens&atilde;o, a Anatel ter&aacute; que entrar com um agravo no TCU. <\/p>\n<p><strong>Argumentos <\/strong><\/p>\n<p>O pedido do TCU est&aacute; baseado no trabalho da Secretaria de Fiscaliza&ccedil;&atilde;o de Desestatiza&ccedil;&atilde;o (Sefid), que constatou a falta de estudos e dados precisos sobre os impactos para o consumidor e concorr&ecirc;ncia; defici&ecirc;ncia no controle de bens revers&iacute;veis; falta de dados sobre os ganhos de efici&ecirc;ncia das concession&aacute;rias e os impactos nas tarifas; a falta de um modelo de custos; aus&ecirc;ncia do Plano Geral de Metas de Competi&ccedil;&atilde;o (PGMC); falta de transpar&ecirc;ncia no processo; insufici&ecirc;ncia das atividades preparat&oacute;rias para a instru&ccedil;&atilde;o do processo e a possibilidade de grave les&atilde;o ao interesse p&uacute;blico.<\/p>\n<p>A suspens&atilde;o &eacute; sobre a delibera&ccedil;&atilde;o tanto na reuni&atilde;o desta quarta-feira (17), quanto na de amanh&atilde; (18). O TCU ouvir&aacute; a Anatel em 15 dias para prestar esclarecimentos. <\/p>\n<p>A Anatel vai recorrer junto ao TCU com agravo de instrumento, mas n&atilde;o est&aacute; afastada a hip&oacute;tese de recurso junto ao Supremo Tribunal Federal. <\/p>\n<p>A &iacute;ntegra do despacho do TCU est&aacute; dispon&iacute;vel na homepage do site TeleTime.<\/p>\n","protected":false},"excerpt":{"rendered":"<p>O dia decisivo para a cria&ccedil;&atilde;o da BrT-Oi j&aacute; come&ccedil;ou turbulento. A Ag&ecirc;ncia Nacional de Telecomunica&ccedil;&otilde;es (Anatel) foi surpreendida com uma medida cautelar emitida pelo ministro Raimundo Carreiro, do Tribunal de Contas da Uni&atilde;o (TCU), suspendendo a delibera&ccedil;&atilde;o da ag&ecirc;ncia sobre a anu&ecirc;ncia pr&eacute;via para a compra da Brasil Telecom pela Oi. Por conta da &hellip; <a href=\"https:\/\/obscom.intervozes.org.br\/?p=22291\" class=\"more-link\">Continue lendo <span class=\"screen-reader-text\">TCU suspende vota\u00e7\u00e3o de anu\u00eancia pr\u00e9via para BrT-Oi na Anatel<\/span> <span class=\"meta-nav\">&rarr;<\/span><\/a><\/p>\n","protected":false},"author":1,"featured_media":0,"comment_status":"open","ping_status":"open","sticky":false,"template":"","format":"standard","meta":{"footnotes":""},"categories":[40],"tags":[617],"_links":{"self":[{"href":"https:\/\/obscom.intervozes.org.br\/index.php?rest_route=\/wp\/v2\/posts\/22291"}],"collection":[{"href":"https:\/\/obscom.intervozes.org.br\/index.php?rest_route=\/wp\/v2\/posts"}],"about":[{"href":"https:\/\/obscom.intervozes.org.br\/index.php?rest_route=\/wp\/v2\/types\/post"}],"author":[{"embeddable":true,"href":"https:\/\/obscom.intervozes.org.br\/index.php?rest_route=\/wp\/v2\/users\/1"}],"replies":[{"embeddable":true,"href":"https:\/\/obscom.intervozes.org.br\/index.php?rest_route=%2Fwp%2Fv2%2Fcomments&post=22291"}],"version-history":[{"count":0,"href":"https:\/\/obscom.intervozes.org.br\/index.php?rest_route=\/wp\/v2\/posts\/22291\/revisions"}],"wp:attachment":[{"href":"https:\/\/obscom.intervozes.org.br\/index.php?rest_route=%2Fwp%2Fv2%2Fmedia&parent=22291"}],"wp:term":[{"taxonomy":"category","embeddable":true,"href":"https:\/\/obscom.intervozes.org.br\/index.php?rest_route=%2Fwp%2Fv2%2Fcategories&post=22291"},{"taxonomy":"post_tag","embeddable":true,"href":"https:\/\/obscom.intervozes.org.br\/index.php?rest_route=%2Fwp%2Fv2%2Ftags&post=22291"}],"curies":[{"name":"wp","href":"https:\/\/api.w.org\/{rel}","templated":true}]}}