{"id":22285,"date":"2008-12-17T13:02:54","date_gmt":"2008-12-17T13:02:54","guid":{"rendered":"https:\/\/obscom.intervozes.org.br\/wordpress\/?p=22285"},"modified":"2008-12-17T13:02:54","modified_gmt":"2008-12-17T13:02:54","slug":"brasil-e-paraguai-devem-firmar-acordo-de-cooperacao-em-meios-publicos-de-comunicacao","status":"publish","type":"post","link":"https:\/\/obscom.intervozes.org.br\/?p=22285","title":{"rendered":"Brasil e Paraguai devem firmar acordo de coopera\u00e7\u00e3o em meios p\u00fablicos de comunica\u00e7\u00e3o"},"content":{"rendered":"<p><span class=\"padrao\">O ministro-chefe da Secretaria de Informa&ccedil;&atilde;o e Comunica&ccedil;&atilde;o para o Desenvolvimento do Paraguai, Augusto dos Santos,&nbsp; reuniu-se hoje (11) com a dire&ccedil;&atilde;o da Empresa Brasil de Comunica&ccedil;&atilde;o (EBC) para discutir um prov&aacute;vel acordo de coopera&ccedil;&atilde;o em comunica&ccedil;&atilde;o p&uacute;blica.<\/p>\n<p>De acordo com o ministro Santos, o governo do presidente Fernando Lugo come&ccedil;ou este ano, ap&oacute;s a posse, em 15 de agosto, a constru&ccedil;&atilde;o de uma pol&iacute;tica de comunica&ccedil;&atilde;o, que pretende utilizar a ferramenta da comunica&ccedil;&atilde;o p&uacute;blica em prol da inclus&atilde;o social. &ldquo;N&oacute;s queremos que a comunica&ccedil;&atilde;o seja uma ferramenta de mudan&ccedil;a e de desenvolvimento e nesse sentido estamos visitando experi&ecirc;ncias&rdquo;, afirmou.<\/p>\n<p>Uma das experi&ecirc;ncias que est&atilde;o sendo desenvolvidas &eacute; a ag&ecirc;ncia de not&iacute;cias do Estado Informa&ccedil;&atilde;o P&uacute;blica Paraguai (IPParaguai), que j&aacute; conta com o assessoramento da ag&ecirc;ncia estatal argentina Telam.<\/p>\n<p>Com o acordo que deve ser novamente discutido de forma bilateral durante a C&uacute;pula da Am&eacute;rica Latina e do Caribe sobre Integra&ccedil;&atilde;o e Desenvolvimento (CALC), na Bahia, na semana que vem, o ministro disse que o Paraguai espera, al&eacute;m do interc&acirc;mbio de experi&ecirc;ncias, tamb&eacute;m um assessoramento para o funcionamento da ag&ecirc;ncia de informa&ccedil;&otilde;es, dos meios p&uacute;blicos e, no futuro, para a funda&ccedil;&atilde;o de um canal p&uacute;blico educativo.<\/p>\n<p>Um outro ponto discutido durante a reuni&atilde;o foi a quest&atilde;o das r&aacute;dios nacionais, que, segundo relato de Santos, est&atilde;o funcionando de maneira prec&aacute;ria. Para reverter a situa&ccedil;&atilde;o, o governo paraguaio deve firmar uma parceria tamb&eacute;m com r&aacute;dios comunit&aacute;rias do pa&iacute;s.<\/p>\n<p>&ldquo;N&oacute;s queremos desenvolver um projeto que n&atilde;o demore mais de um ano para mudar de r&aacute;dios de governo para p&uacute;blicas, incluindo a sociedade, as organiza&ccedil;&otilde;es da sociedade civil na defini&ccedil;&atilde;o das linhas editoriais desses meios&rdquo;, explicou.<\/p>\n<p>Logo depois da reuni&atilde;o, a presidente da EBC, Tereza Cruvinel, destacou que esse acordo que deve ser firmado &eacute; importante para a democracia na Am&eacute;rica Latina. &ldquo;O Paraguai vive um processo pol&iacute;tico muito interessante, que &eacute; importante para a consolida&ccedil;&atilde;o democr&aacute;tica no nosso continente, e &eacute; claro que a comunica&ccedil;&atilde;o p&uacute;blica faz parte desse processo&rdquo;, disse.<\/p>\n<p>Ela destacou que l&aacute;, a comunica&ccedil;&atilde;o p&uacute;blica &eacute; praticamente inexistente. &ldquo;Ent&atilde;o a EBC se disp&otilde;e a colaborar no que for poss&iacute;vel, no que pudermos fazer estaremos prontos a colaborar, para que haja l&aacute; um desenvolvimento desse segmento, que &eacute; importante para a governan&ccedil;a do presidente Lugo e para a consolida&ccedil;&atilde;o democr&aacute;tica&rdquo;, concluiu a presidente da EBC. <br \/><\/span><\/p>\n","protected":false},"excerpt":{"rendered":"<p>O ministro-chefe da Secretaria de Informa&ccedil;&atilde;o e Comunica&ccedil;&atilde;o para o Desenvolvimento do Paraguai, Augusto dos Santos,&nbsp; reuniu-se hoje (11) com a dire&ccedil;&atilde;o da Empresa Brasil de Comunica&ccedil;&atilde;o (EBC) para discutir um prov&aacute;vel acordo de coopera&ccedil;&atilde;o em comunica&ccedil;&atilde;o p&uacute;blica. De acordo com o ministro Santos, o governo do presidente Fernando Lugo come&ccedil;ou este ano, ap&oacute;s a &hellip; <a href=\"https:\/\/obscom.intervozes.org.br\/?p=22285\" class=\"more-link\">Continue lendo <span class=\"screen-reader-text\">Brasil e Paraguai devem firmar acordo de coopera\u00e7\u00e3o em meios p\u00fablicos de comunica\u00e7\u00e3o<\/span> <span class=\"meta-nav\">&rarr;<\/span><\/a><\/p>\n","protected":false},"author":1,"featured_media":0,"comment_status":"open","ping_status":"open","sticky":false,"template":"","format":"standard","meta":{"footnotes":""},"categories":[40],"tags":[937],"_links":{"self":[{"href":"https:\/\/obscom.intervozes.org.br\/index.php?rest_route=\/wp\/v2\/posts\/22285"}],"collection":[{"href":"https:\/\/obscom.intervozes.org.br\/index.php?rest_route=\/wp\/v2\/posts"}],"about":[{"href":"https:\/\/obscom.intervozes.org.br\/index.php?rest_route=\/wp\/v2\/types\/post"}],"author":[{"embeddable":true,"href":"https:\/\/obscom.intervozes.org.br\/index.php?rest_route=\/wp\/v2\/users\/1"}],"replies":[{"embeddable":true,"href":"https:\/\/obscom.intervozes.org.br\/index.php?rest_route=%2Fwp%2Fv2%2Fcomments&post=22285"}],"version-history":[{"count":0,"href":"https:\/\/obscom.intervozes.org.br\/index.php?rest_route=\/wp\/v2\/posts\/22285\/revisions"}],"wp:attachment":[{"href":"https:\/\/obscom.intervozes.org.br\/index.php?rest_route=%2Fwp%2Fv2%2Fmedia&parent=22285"}],"wp:term":[{"taxonomy":"category","embeddable":true,"href":"https:\/\/obscom.intervozes.org.br\/index.php?rest_route=%2Fwp%2Fv2%2Fcategories&post=22285"},{"taxonomy":"post_tag","embeddable":true,"href":"https:\/\/obscom.intervozes.org.br\/index.php?rest_route=%2Fwp%2Fv2%2Ftags&post=22285"}],"curies":[{"name":"wp","href":"https:\/\/api.w.org\/{rel}","templated":true}]}}