{"id":22276,"date":"2008-12-15T16:31:17","date_gmt":"2008-12-15T16:31:17","guid":{"rendered":"https:\/\/obscom.intervozes.org.br\/wordpress\/?p=22276"},"modified":"2008-12-15T16:31:17","modified_gmt":"2008-12-15T16:31:17","slug":"entidades-de-sao-paulo-reclamam-da-demora-para-obter-concessao-de-radio","status":"publish","type":"post","link":"https:\/\/obscom.intervozes.org.br\/?p=22276","title":{"rendered":"Entidades de S\u00e3o Paulo reclamam da demora para obter concess\u00e3o de r\u00e1dio"},"content":{"rendered":"<p>   \t \t \t \t \t<!-- \t\t@page { margin: 2cm } \t\tP { margin-bottom: 0.21cm } \t--> \t  <\/p>\n<p style=\"margin-bottom: 0cm\" class=\"western\"><span class=\"padrao\">Entidades comunit&aacute;rias de S&atilde;o Paulo reclamam da demora para a obten&ccedil;&atilde;o de licen&ccedil;a do Minist&eacute;rio das Comunica&ccedil;&otilde;es para colocar suas emissoras de r&aacute;dio no ar. Desde dezembro de 2006, quando o governo lan&ccedil;ou o edital do processo de concess&atilde;o para o munic&iacute;pio de S&atilde;o Paulo, o pedido para operar r&aacute;dios comunit&aacute;rias de centenas de entidades comunit&aacute;rias e culturais da capital paulista tramitam no minist&eacute;rio. No entanto, at&eacute; o momento, somente a comunidade da favela de Heli&oacute;polis, localizada na zona sul da capital, foi atendida. A r&aacute;dio Heli&oacute;polis atualmente &eacute; a &uacute;nica emissora comunit&aacute;ria com concess&atilde;o na cidade.<\/p>\n<p>&ldquo;A situa&ccedil;&atilde;o nossa &eacute; que estamos muito abandonados pelo Minist&eacute;rio das Comunica&ccedil;&otilde;es. J&aacute; tem os canais 198 e 199 dispon&iacute;veis [faixas dispon&iacute;veis para a opera&ccedil;&atilde;o de r&aacute;dios comunit&aacute;rias], mas n&oacute;s n&atilde;o somos chamados, n&atilde;o tem nada. O prazo era o final do ano passado [2007], mas at&eacute; agora, nada. N&atilde;o d&atilde;o prazo, n&atilde;o comunicam nada. Voc&ecirc; entra no site do minist&eacute;rio, n&atilde;o encontra nada&rdquo;, queixou-se o presidente da Central &Uacute;nica de Associa&ccedil;&otilde;es (CUA), Jos&eacute; Luiz Nodar Ribeiro. A entidade presidida por ele, que atua no bairro do Jabaquara, zona sul, apresentou em 2006 toda a documenta&ccedil;&atilde;o exigida pelo minist&eacute;rio, mas ainda n&atilde;o obteve uma resposta do governo.<\/p>\n<p>Na mesma situa&ccedil;&atilde;o da CUA, encontram-se mais de 100 entidades comunit&aacute;rias do munic&iacute;pio, &agrave; espera de uma defini&ccedil;&atilde;o do minist&eacute;rio. O governo alega que existem regi&otilde;es da cidade que possuem cinco, seis ou at&eacute; sete entidades que disputam a mesma &aacute;rea de emiss&atilde;o. Nessas situa&ccedil;&otilde;es, o edital do minist&eacute;rio prev&ecirc; que as entidades interessadas &ldquo;associem-se&rdquo; a outras da mesma regi&atilde;o para dividir a programa&ccedil;&atilde;o da emissora. N&atilde;o havendo entendimento, receber&aacute; a concess&atilde;o a entidade que for mais representativa. <\/p>\n<p>&ldquo;&Eacute; um processo bem longo, que j&aacute; dura por volta de dois anos. Essa &eacute; uma fase bastante cr&iacute;tica, que &eacute; justamente a de negocia&ccedil;&atilde;o entre as entidades. Eu acho que est&aacute; faltando a figura do intermediador do minist&eacute;rio para que mais entidades possam participar e a programa&ccedil;&atilde;o das r&aacute;dios possa ser realmente dividida segundo crit&eacute;rios minimamente racionais&rdquo;, afirmou Wagner Rom&atilde;o, diretor de comunica&ccedil;&atilde;o da Associa&ccedil;&atilde;o Casa da Cidade, que funciona na Vila Madalena, regi&atilde;o oeste do munic&iacute;pio.<\/p>\n<p>Em setembro, diversas entidades envolvidas no processo manifestaram, em carta aberta, a preocupa&ccedil;&atilde;o de que o sistema utilizado pelo minist&eacute;rio para a sele&ccedil;&atilde;o das entidades, que receber&atilde;o a concess&atilde;o, viesse a diminuir a quantidade de r&aacute;dios comunit&aacute;rias na cidade. <\/p>\n<p>&ldquo;O processo deixou evidente que a aloca&ccedil;&atilde;o de apenas um canal por munic&iacute;pio e a dist&acirc;ncia obrigat&oacute;ria de quatro quil&ocirc;metros entre as r&aacute;dios fazem com que elas se encontrem em situa&ccedil;&atilde;o de indesej&aacute;vel competi&ccedil;&atilde;o, ao mesmo tempo em que criam &aacute;reas de sombra entre elas. Estudos t&eacute;cnicos mostram que, nessas condi&ccedil;&otilde;es, a cobertura das r&aacute;dios comunit&aacute;rias ficar&aacute; entre 2,5% e 10% do total da &aacute;rea urbana do munic&iacute;pio&rdquo;, informa o documento assinado, entre outras, pela Associa&ccedil;&atilde;o Brasileira de Imprensa &ndash; representa&ccedil;&atilde;o em S&atilde;o Paulo, o Intervozes &ndash; Coletivo Brasil de Comunica&ccedil;&atilde;o Social e pela Obor&eacute; &#8211; Escrit&oacute;rio Paulista da Associa&ccedil;&atilde;o Mundial dos Radiodifusores Comunit&aacute;rios (Amarc).<\/p>\n<p>O Minist&eacute;rio das Comunica&ccedil;&otilde;es informou, por interm&eacute;dio de sua assessoria de imprensa, que os processos de concess&atilde;o de r&aacute;dios comunit&aacute;rias em S&atilde;o Paulo est&atilde;o em andamento e que um dos entraves para a demora s&atilde;o &ldquo;problemas t&eacute;cnicos&rdquo;. Foi solicitada pela reportagem uma entrevista com um representante do minist&eacute;rio para elucidar os pontos levantados pelas entidades comunit&aacute;rias mas, at&eacute; o momento, o pedido n&atilde;o foi atendido.  <\/span><\/p>\n","protected":false},"excerpt":{"rendered":"<p>Entidades comunit&aacute;rias de S&atilde;o Paulo reclamam da demora para a obten&ccedil;&atilde;o de licen&ccedil;a do Minist&eacute;rio das Comunica&ccedil;&otilde;es para colocar suas emissoras de r&aacute;dio no ar. Desde dezembro de 2006, quando o governo lan&ccedil;ou o edital do processo de concess&atilde;o para o munic&iacute;pio de S&atilde;o Paulo, o pedido para operar r&aacute;dios comunit&aacute;rias de centenas de entidades &hellip; <a href=\"https:\/\/obscom.intervozes.org.br\/?p=22276\" class=\"more-link\">Continue lendo <span class=\"screen-reader-text\">Entidades de S\u00e3o Paulo reclamam da demora para obter concess\u00e3o de r\u00e1dio<\/span> <span class=\"meta-nav\">&rarr;<\/span><\/a><\/p>\n","protected":false},"author":1,"featured_media":0,"comment_status":"open","ping_status":"open","sticky":false,"template":"","format":"standard","meta":{"footnotes":""},"categories":[40],"tags":[786],"_links":{"self":[{"href":"https:\/\/obscom.intervozes.org.br\/index.php?rest_route=\/wp\/v2\/posts\/22276"}],"collection":[{"href":"https:\/\/obscom.intervozes.org.br\/index.php?rest_route=\/wp\/v2\/posts"}],"about":[{"href":"https:\/\/obscom.intervozes.org.br\/index.php?rest_route=\/wp\/v2\/types\/post"}],"author":[{"embeddable":true,"href":"https:\/\/obscom.intervozes.org.br\/index.php?rest_route=\/wp\/v2\/users\/1"}],"replies":[{"embeddable":true,"href":"https:\/\/obscom.intervozes.org.br\/index.php?rest_route=%2Fwp%2Fv2%2Fcomments&post=22276"}],"version-history":[{"count":0,"href":"https:\/\/obscom.intervozes.org.br\/index.php?rest_route=\/wp\/v2\/posts\/22276\/revisions"}],"wp:attachment":[{"href":"https:\/\/obscom.intervozes.org.br\/index.php?rest_route=%2Fwp%2Fv2%2Fmedia&parent=22276"}],"wp:term":[{"taxonomy":"category","embeddable":true,"href":"https:\/\/obscom.intervozes.org.br\/index.php?rest_route=%2Fwp%2Fv2%2Fcategories&post=22276"},{"taxonomy":"post_tag","embeddable":true,"href":"https:\/\/obscom.intervozes.org.br\/index.php?rest_route=%2Fwp%2Fv2%2Ftags&post=22276"}],"curies":[{"name":"wp","href":"https:\/\/api.w.org\/{rel}","templated":true}]}}