{"id":22271,"date":"2008-12-12T19:37:14","date_gmt":"2008-12-12T19:37:14","guid":{"rendered":"https:\/\/obscom.intervozes.org.br\/wordpress\/?p=22271"},"modified":"2008-12-12T19:37:14","modified_gmt":"2008-12-12T19:37:14","slug":"abepec-criara-instituto-de-comunicacao-publica","status":"publish","type":"post","link":"https:\/\/obscom.intervozes.org.br\/?p=22271","title":{"rendered":"Abepec criar\u00e1 Instituto de Comunica\u00e7\u00e3o P\u00fablica"},"content":{"rendered":"<p>   \t \t \t \t \t<!-- \t\t@page { margin: 2cm } \t\tP { margin-bottom: 0.21cm } \t--> \t  <\/p>\n<p style=\"margin-bottom: 0cm\" class=\"western padrao\"><u><strong>Reproduzido do Comunique-se<\/strong><\/u><\/p>\n<p>A Associa&ccedil;&atilde;o Brasileira das Emissoras P&uacute;blicas Educativas e Culturais (Abepec) criar&aacute; um Instituto de Comunica&ccedil;&atilde;o P&uacute;blica. A proposta surgiu durante o 18&ordm; Encontro Nacional com dirigentes de emissoras p&uacute;blicas do Pa&iacute;s, que terminou nesta sexta (12), em Florian&oacute;polis (SC).<\/p>\n<p>Segundo Jorge da Cunha Lima, presidente do conselho curador da TV Cultura, o Instituto &ndash; que ter&aacute; um endere&ccedil;o na Internet provavelmente a partir de mar&ccedil;o &ndash; reunir&aacute; todo o pensamento e documenta&ccedil;&atilde;o sobre TV p&uacute;blica no Brasil e em outros continentes, como o europeu e o africano. &ldquo;O conhecimento sobre a TV p&uacute;blica no Brasil est&aacute; disperso e fica concentrado ao mundo universit&aacute;rio&rdquo;, justificou Jorge da Cunha Lima.<\/p>\n<p>O site tamb&eacute;m explicar&aacute; d&uacute;vidas comuns do p&uacute;blico como a diferen&ccedil;a da TV p&uacute;blica, comercial e estatal. Contar&aacute; com a participa&ccedil;&atilde;o das emissoras da Abepec, al&eacute;m da contribui&ccedil;&atilde;o de universidades.<\/p>\n","protected":false},"excerpt":{"rendered":"<p>Reproduzido do Comunique-se A Associa&ccedil;&atilde;o Brasileira das Emissoras P&uacute;blicas Educativas e Culturais (Abepec) criar&aacute; um Instituto de Comunica&ccedil;&atilde;o P&uacute;blica. A proposta surgiu durante o 18&ordm; Encontro Nacional com dirigentes de emissoras p&uacute;blicas do Pa&iacute;s, que terminou nesta sexta (12), em Florian&oacute;polis (SC). Segundo Jorge da Cunha Lima, presidente do conselho curador da TV Cultura, o &hellip; <a href=\"https:\/\/obscom.intervozes.org.br\/?p=22271\" class=\"more-link\">Continue lendo <span class=\"screen-reader-text\">Abepec criar\u00e1 Instituto de Comunica\u00e7\u00e3o P\u00fablica<\/span> <span class=\"meta-nav\">&rarr;<\/span><\/a><\/p>\n","protected":false},"author":1,"featured_media":0,"comment_status":"open","ping_status":"open","sticky":false,"template":"","format":"standard","meta":{"footnotes":""},"categories":[39],"tags":[],"_links":{"self":[{"href":"https:\/\/obscom.intervozes.org.br\/index.php?rest_route=\/wp\/v2\/posts\/22271"}],"collection":[{"href":"https:\/\/obscom.intervozes.org.br\/index.php?rest_route=\/wp\/v2\/posts"}],"about":[{"href":"https:\/\/obscom.intervozes.org.br\/index.php?rest_route=\/wp\/v2\/types\/post"}],"author":[{"embeddable":true,"href":"https:\/\/obscom.intervozes.org.br\/index.php?rest_route=\/wp\/v2\/users\/1"}],"replies":[{"embeddable":true,"href":"https:\/\/obscom.intervozes.org.br\/index.php?rest_route=%2Fwp%2Fv2%2Fcomments&post=22271"}],"version-history":[{"count":0,"href":"https:\/\/obscom.intervozes.org.br\/index.php?rest_route=\/wp\/v2\/posts\/22271\/revisions"}],"wp:attachment":[{"href":"https:\/\/obscom.intervozes.org.br\/index.php?rest_route=%2Fwp%2Fv2%2Fmedia&parent=22271"}],"wp:term":[{"taxonomy":"category","embeddable":true,"href":"https:\/\/obscom.intervozes.org.br\/index.php?rest_route=%2Fwp%2Fv2%2Fcategories&post=22271"},{"taxonomy":"post_tag","embeddable":true,"href":"https:\/\/obscom.intervozes.org.br\/index.php?rest_route=%2Fwp%2Fv2%2Ftags&post=22271"}],"curies":[{"name":"wp","href":"https:\/\/api.w.org\/{rel}","templated":true}]}}