{"id":22270,"date":"2008-12-12T19:32:52","date_gmt":"2008-12-12T19:32:52","guid":{"rendered":"https:\/\/obscom.intervozes.org.br\/wordpress\/?p=22270"},"modified":"2008-12-12T19:32:52","modified_gmt":"2008-12-12T19:32:52","slug":"anatel-remarca-reuniao-e-fusao-brt-oi-sera-apreciada-na-quarta-17","status":"publish","type":"post","link":"https:\/\/obscom.intervozes.org.br\/?p=22270","title":{"rendered":"Anatel remarca reuni\u00e3o e fus\u00e3o BrT-Oi ser\u00e1 apreciada na quarta, 17"},"content":{"rendered":"<p>   \t \t \t \t \t<!-- \t\t@page { margin: 2cm } \t\tP { margin-bottom: 0.21cm } \t--> \t  <\/p>\n<p class=\"western padrao\">A Ag&ecirc;ncia Nacional de Telecomunica&ccedil;&otilde;es confirmou para o dia 17 a vota&ccedil;&atilde;o da anu&ecirc;ncia pr&eacute;via &agrave; compra da Brasil Telecom pela Oi. Inicialmente, a aprecia&ccedil;&atilde;o do parecer de Em&iacute;lia Ribeiro pelo Conselho Diretor seria feita no dia 16, uma ter&ccedil;a-feira, mas o regimento interno da ag&ecirc;ncia permite que as reuni&otilde;es deliberativas ocorram apenas &agrave;s quartas-feiras.<\/p>\n<p>Com isso, o Conselho Consultivo marcou para o dia 16 uma audi&ecirc;ncia p&uacute;blica sobre os efeitos da fus&atilde;o entre BrT e Oi. Foram convidados o presidente da Oi, Luiz Eduardo Falco; da Associa&ccedil;&atilde;o Brasileira de Concession&aacute;rias de Servi&ccedil;o Telef&ocirc;nico Fixo Comutado (Abrafix), Jos&eacute; Fernandes Pauletti; da Associa&ccedil;&atilde;o Nacional das Operadoras Celulares (Acel), &Eacute;rcio Zilli; e da Associa&ccedil;&atilde;o Brasileira das Operadoras de Servi&ccedil;os de Telecomunica&ccedil;&otilde;es Competitivas (Telcomp), Luiz Cuza. O Conselho Consultivo ainda poder&aacute; chamar representantes do Minist&eacute;rio P&uacute;blico Federal e do Procon.<\/p>\n<p><em>* Com informa&ccedil;&otilde;es do TeleTime News.<\/em><\/p>\n","protected":false},"excerpt":{"rendered":"<p>A Ag&ecirc;ncia Nacional de Telecomunica&ccedil;&otilde;es confirmou para o dia 17 a vota&ccedil;&atilde;o da anu&ecirc;ncia pr&eacute;via &agrave; compra da Brasil Telecom pela Oi. Inicialmente, a aprecia&ccedil;&atilde;o do parecer de Em&iacute;lia Ribeiro pelo Conselho Diretor seria feita no dia 16, uma ter&ccedil;a-feira, mas o regimento interno da ag&ecirc;ncia permite que as reuni&otilde;es deliberativas ocorram apenas &agrave;s quartas-feiras. &hellip; <a href=\"https:\/\/obscom.intervozes.org.br\/?p=22270\" class=\"more-link\">Continue lendo <span class=\"screen-reader-text\">Anatel remarca reuni\u00e3o e fus\u00e3o BrT-Oi ser\u00e1 apreciada na quarta, 17<\/span> <span class=\"meta-nav\">&rarr;<\/span><\/a><\/p>\n","protected":false},"author":1,"featured_media":0,"comment_status":"open","ping_status":"open","sticky":false,"template":"","format":"standard","meta":{"footnotes":""},"categories":[39],"tags":[],"_links":{"self":[{"href":"https:\/\/obscom.intervozes.org.br\/index.php?rest_route=\/wp\/v2\/posts\/22270"}],"collection":[{"href":"https:\/\/obscom.intervozes.org.br\/index.php?rest_route=\/wp\/v2\/posts"}],"about":[{"href":"https:\/\/obscom.intervozes.org.br\/index.php?rest_route=\/wp\/v2\/types\/post"}],"author":[{"embeddable":true,"href":"https:\/\/obscom.intervozes.org.br\/index.php?rest_route=\/wp\/v2\/users\/1"}],"replies":[{"embeddable":true,"href":"https:\/\/obscom.intervozes.org.br\/index.php?rest_route=%2Fwp%2Fv2%2Fcomments&post=22270"}],"version-history":[{"count":0,"href":"https:\/\/obscom.intervozes.org.br\/index.php?rest_route=\/wp\/v2\/posts\/22270\/revisions"}],"wp:attachment":[{"href":"https:\/\/obscom.intervozes.org.br\/index.php?rest_route=%2Fwp%2Fv2%2Fmedia&parent=22270"}],"wp:term":[{"taxonomy":"category","embeddable":true,"href":"https:\/\/obscom.intervozes.org.br\/index.php?rest_route=%2Fwp%2Fv2%2Fcategories&post=22270"},{"taxonomy":"post_tag","embeddable":true,"href":"https:\/\/obscom.intervozes.org.br\/index.php?rest_route=%2Fwp%2Fv2%2Ftags&post=22270"}],"curies":[{"name":"wp","href":"https:\/\/api.w.org\/{rel}","templated":true}]}}