{"id":22256,"date":"2008-12-11T16:54:02","date_gmt":"2008-12-11T16:54:02","guid":{"rendered":"https:\/\/obscom.intervozes.org.br\/wordpress\/?p=22256"},"modified":"2008-12-11T16:54:02","modified_gmt":"2008-12-11T16:54:02","slug":"conselho-diretor-da-anatel-vota-autorizacao-para-fusao-brt-oi-na-terca","status":"publish","type":"post","link":"https:\/\/obscom.intervozes.org.br\/?p=22256","title":{"rendered":"Conselho Diretor da Anatel vota autoriza\u00e7\u00e3o para fus\u00e3o BrT-Oi na ter\u00e7a"},"content":{"rendered":"<p>   \t \t \t \t \t<!-- \t\t@page { margin: 2cm } \t\tP { margin-bottom: 0.21cm } \t--> \t  <\/p>\n<p style=\"margin-bottom: 0cm\" class=\"western padrao\">A pr&oacute;xima reuni&atilde;o do Conselho Diretor da Ag&ecirc;ncia Nacional de Telecomunica&ccedil;&otilde;es ter&aacute; como principal ponto de pauta a vota&ccedil;&atilde;o da anu&ecirc;ncia pr&eacute;via para a fus&atilde;o entre Oi e Brasil Telecom. A anu&ecirc;ncia &eacute; a autoriza&ccedil;&atilde;o formal do &oacute;rg&atilde;o regulador para que a aquisi&ccedil;&atilde;o seja completada. As transa&ccedil;&otilde;es entre as duas operadoras j&aacute; vem ocorrendo desde o in&iacute;cio do ano.<\/p>\n<p>O relat&oacute;rio sobre a opera&ccedil;&atilde;o est&aacute; a cargo da conselheira Em&iacute;lia Ribeiro. Segundo ela, n&atilde;o haver&aacute; demora na decis&atilde;o porque a ag&ecirc;ncia est&aacute; &ldquo;estudando&rdquo; este tema h&aacute; mais de um ano.<\/p>\n<p>Em&iacute;lia declarou que acha importante a exist&ecirc;ncia de uma operadora nacional de grande porte no setor de telefonia, mas que o neg&oacute;cio deve assegurar os direitos do consumidor. Ela se disse disposta a modificar as condicionantes apresentadas at&eacute; agora pelas operadoras e pela &aacute;rea t&eacute;cnica da Anatel.<\/p>\n<p><em>* Com informa&ccedil;&otilde;es do Tele.S&iacute;ntese e Telecom Online.<\/em><\/p>\n","protected":false},"excerpt":{"rendered":"<p>A pr&oacute;xima reuni&atilde;o do Conselho Diretor da Ag&ecirc;ncia Nacional de Telecomunica&ccedil;&otilde;es ter&aacute; como principal ponto de pauta a vota&ccedil;&atilde;o da anu&ecirc;ncia pr&eacute;via para a fus&atilde;o entre Oi e Brasil Telecom. A anu&ecirc;ncia &eacute; a autoriza&ccedil;&atilde;o formal do &oacute;rg&atilde;o regulador para que a aquisi&ccedil;&atilde;o seja completada. As transa&ccedil;&otilde;es entre as duas operadoras j&aacute; vem ocorrendo desde &hellip; <a href=\"https:\/\/obscom.intervozes.org.br\/?p=22256\" class=\"more-link\">Continue lendo <span class=\"screen-reader-text\">Conselho Diretor da Anatel vota autoriza\u00e7\u00e3o para fus\u00e3o BrT-Oi na ter\u00e7a<\/span> <span class=\"meta-nav\">&rarr;<\/span><\/a><\/p>\n","protected":false},"author":1,"featured_media":0,"comment_status":"open","ping_status":"open","sticky":false,"template":"","format":"standard","meta":{"footnotes":""},"categories":[39],"tags":[],"_links":{"self":[{"href":"https:\/\/obscom.intervozes.org.br\/index.php?rest_route=\/wp\/v2\/posts\/22256"}],"collection":[{"href":"https:\/\/obscom.intervozes.org.br\/index.php?rest_route=\/wp\/v2\/posts"}],"about":[{"href":"https:\/\/obscom.intervozes.org.br\/index.php?rest_route=\/wp\/v2\/types\/post"}],"author":[{"embeddable":true,"href":"https:\/\/obscom.intervozes.org.br\/index.php?rest_route=\/wp\/v2\/users\/1"}],"replies":[{"embeddable":true,"href":"https:\/\/obscom.intervozes.org.br\/index.php?rest_route=%2Fwp%2Fv2%2Fcomments&post=22256"}],"version-history":[{"count":0,"href":"https:\/\/obscom.intervozes.org.br\/index.php?rest_route=\/wp\/v2\/posts\/22256\/revisions"}],"wp:attachment":[{"href":"https:\/\/obscom.intervozes.org.br\/index.php?rest_route=%2Fwp%2Fv2%2Fmedia&parent=22256"}],"wp:term":[{"taxonomy":"category","embeddable":true,"href":"https:\/\/obscom.intervozes.org.br\/index.php?rest_route=%2Fwp%2Fv2%2Fcategories&post=22256"},{"taxonomy":"post_tag","embeddable":true,"href":"https:\/\/obscom.intervozes.org.br\/index.php?rest_route=%2Fwp%2Fv2%2Ftags&post=22256"}],"curies":[{"name":"wp","href":"https:\/\/api.w.org\/{rel}","templated":true}]}}