{"id":22255,"date":"2008-12-11T16:38:26","date_gmt":"2008-12-11T16:38:26","guid":{"rendered":"https:\/\/obscom.intervozes.org.br\/wordpress\/?p=22255"},"modified":"2008-12-11T16:38:26","modified_gmt":"2008-12-11T16:38:26","slug":"cade-fecha-acordo-que-estabelece-garantias-apos-aquisicao","status":"publish","type":"post","link":"https:\/\/obscom.intervozes.org.br\/?p=22255","title":{"rendered":"Cade fecha acordo que estabelece garantias ap\u00f3s aquisi\u00e7\u00e3o"},"content":{"rendered":"<p>   \t \t \t \t \t<!-- \t\t@page { margin: 2cm } \t\tP { margin-bottom: 0.21cm } \t--> \t  <\/p>\n<p style=\"margin-bottom: 0cm\" class=\"western padrao\">O  Conselho Administrativo de Defesa Econ&ocirc;mica (Cade) aprovou nesta quarta-feira (10), um acordo com Brasil Telecom e a Oi que estabelece as obriga&ccedil;&otilde;es que devem ser seguidas a partir da fus&atilde;o entre as duas companhias. O objetivo &eacute; assegurar a reversibilidade dos atos caso o Cade, no julgamento do m&eacute;rito, vete a opera&ccedil;&atilde;o. A iniciativa foi tomada pelo relator do processo, o conselheiro Paulo Furquim, por meio do Acordo de Preserva&ccedil;&atilde;o da Reversibilidade da Opera&ccedil;&atilde;o (Apro). O descumprimento do acordo pode resultar em multa di&aacute;ria (5 mil UFIR).<\/p>\n<p>A primeira exig&ecirc;ncia estabelece que a companhia, ao adquirir novas licen&ccedil;as ou autoriza&ccedil;&otilde;es de freq&uuml;&ecirc;ncias WiMAX, MMDS ou 3G, deve ter o aval do Cade antes de iniciar a oferta do servi&ccedil;o. &quot;O Cade poder&aacute;, ap&oacute;s a assinatura do termo de autoriza&ccedil;&atilde;o pelas operadoras e pela Anatel, estabelecer condicionamentos geogr&aacute;ficos e\/ou temporais &agrave; utiliza&ccedil;&atilde;o da autoriza&ccedil;&atilde;o, os quais vigorar&atilde;o at&eacute; o julgamento do presente processo&quot;, informa o texto do documento.<\/p>\n<p>A segunda garantia do acordo apresenta o comprometimento da companhia em prestar gratuitamente os servi&ccedil;os dos provedores de acesso Oi Internet, iG e Ibest. A gratuidade do servi&ccedil;o se aplica a todos munic&iacute;pios onde os provedores j&aacute; atuam.<\/p>\n<p>A &uacute;ltima determina&ccedil;&atilde;o estabelece que as empresas dever&atilde;o manter, em unidades independentes, os provedores de acesso &agrave; internet banda larga iG e Oi Internet. A separa&ccedil;&atilde;o deve se dar no &acirc;mbito das &aacute;reas de contabilidade, pol&iacute;ticas comerciais &ndash; utiliza&ccedil;&atilde;o de marcas e estrat&eacute;gias de marketing &ndash; e diretoria.<\/p>\n<p>O conselheiro C&eacute;sar Mattos considera que o acordo &eacute; um mecanismo leg&iacute;timo de obter um compromisso das companhias antes de haver a efetiva autoriza&ccedil;&atilde;o de compra. &quot;&Eacute; uma forma de prevenirmos. Podemos evitar que alguma medida indesejada seja adotada at&eacute; a decis&atilde;o final sobre o ato de concentra&ccedil;&atilde;o&quot;, afirmou.<\/p>\n","protected":false},"excerpt":{"rendered":"<p>O Conselho Administrativo de Defesa Econ&ocirc;mica (Cade) aprovou nesta quarta-feira (10), um acordo com Brasil Telecom e a Oi que estabelece as obriga&ccedil;&otilde;es que devem ser seguidas a partir da fus&atilde;o entre as duas companhias. O objetivo &eacute; assegurar a reversibilidade dos atos caso o Cade, no julgamento do m&eacute;rito, vete a opera&ccedil;&atilde;o. A iniciativa &hellip; <a href=\"https:\/\/obscom.intervozes.org.br\/?p=22255\" class=\"more-link\">Continue lendo <span class=\"screen-reader-text\">Cade fecha acordo que estabelece garantias ap\u00f3s aquisi\u00e7\u00e3o<\/span> <span class=\"meta-nav\">&rarr;<\/span><\/a><\/p>\n","protected":false},"author":1,"featured_media":0,"comment_status":"open","ping_status":"open","sticky":false,"template":"","format":"standard","meta":{"footnotes":""},"categories":[40],"tags":[859],"_links":{"self":[{"href":"https:\/\/obscom.intervozes.org.br\/index.php?rest_route=\/wp\/v2\/posts\/22255"}],"collection":[{"href":"https:\/\/obscom.intervozes.org.br\/index.php?rest_route=\/wp\/v2\/posts"}],"about":[{"href":"https:\/\/obscom.intervozes.org.br\/index.php?rest_route=\/wp\/v2\/types\/post"}],"author":[{"embeddable":true,"href":"https:\/\/obscom.intervozes.org.br\/index.php?rest_route=\/wp\/v2\/users\/1"}],"replies":[{"embeddable":true,"href":"https:\/\/obscom.intervozes.org.br\/index.php?rest_route=%2Fwp%2Fv2%2Fcomments&post=22255"}],"version-history":[{"count":0,"href":"https:\/\/obscom.intervozes.org.br\/index.php?rest_route=\/wp\/v2\/posts\/22255\/revisions"}],"wp:attachment":[{"href":"https:\/\/obscom.intervozes.org.br\/index.php?rest_route=%2Fwp%2Fv2%2Fmedia&parent=22255"}],"wp:term":[{"taxonomy":"category","embeddable":true,"href":"https:\/\/obscom.intervozes.org.br\/index.php?rest_route=%2Fwp%2Fv2%2Fcategories&post=22255"},{"taxonomy":"post_tag","embeddable":true,"href":"https:\/\/obscom.intervozes.org.br\/index.php?rest_route=%2Fwp%2Fv2%2Ftags&post=22255"}],"curies":[{"name":"wp","href":"https:\/\/api.w.org\/{rel}","templated":true}]}}