{"id":22250,"date":"2008-12-10T18:02:38","date_gmt":"2008-12-10T18:02:38","guid":{"rendered":"https:\/\/obscom.intervozes.org.br\/wordpress\/?p=22250"},"modified":"2014-09-07T02:57:46","modified_gmt":"2014-09-07T02:57:46","slug":"cctci-aprova-projeto-que-descriminaliza-radios-comunitarias","status":"publish","type":"post","link":"https:\/\/obscom.intervozes.org.br\/?p=22250","title":{"rendered":"CCTCI aprova projeto que descriminaliza r\u00e1dios comunit\u00e1rias"},"content":{"rendered":"<p>   \t \t \t \t \t<!-- \t\t@page { margin: 2cm } \t\tP { margin-bottom: 0.21cm } \t--> \t  <\/p>\n<p style=\"margin-bottom: 0cm\" class=\"western padrao\">Em uma das &uacute;ltimas reuni&otilde;es ordin&aacute;rias do ano, a Comiss&atilde;o de Ci&ecirc;ncia e Tecnologia, Comunica&ccedil;&atilde;o e Inform&aacute;tica (CCTCI) da C&acirc;mara dos Deputados mostrou disposi&ccedil;&atilde;o de enfrentar temas pol&ecirc;micos relacionados &agrave; regula&ccedil;&atilde;o da radiodifus&atilde;o. A sess&atilde;o desta quarta-feira (10) foi marcada por tr&ecirc;s delibera&ccedil;&otilde;es consideradas at&eacute; certo ponto inesperadas sobre a descriminaliza&ccedil;&atilde;o das r&aacute;dios comunit&aacute;rias, os processos de renova&ccedil;&atilde;o de outorgas das Organiza&ccedil;&otilde;es Globo e a revis&atilde;o dos marcos legais do setor de r&aacute;dio e TV.<\/p>\n<p style=\"margin-bottom: 0cm\" class=\"western\"><span class=\"padrao\"><br \/><\/span> <\/p>\n<p style=\"margin-bottom: 0cm\" class=\"western padrao\">Os deputados aprovaram por unanimidade o substitutivo do presidente da comiss&atilde;o, Walter Pinheiro (PT-BA), a projeto que tramitava na C&acirc;mara desde 1998 sobre a anistia de r&aacute;dios comunit&aacute;rias que estejam sendo processadas por operarem sem autoriza&ccedil;&atilde;o. No novo texto, Pinheiro incluiu ainda a descriminaliza&ccedil;&atilde;o da transmiss&atilde;o feita por r&aacute;dios eminentemente comunit&aacute;rias com pot&ecirc;ncia de at&eacute; 250W. <\/p>\n<p>O substitutivo revoga o artigo 70 do C&oacute;digo Brasileiro de Telecomunica&ccedil;&otilde;es (Lei 4.117\/62), que previa pena de deten&ccedil;&atilde;o para toda transmiss&atilde;o sem autoriza&ccedil;&atilde;o, e modifica o artigo 183 da Lei Geral de Telecomunica&ccedil;&otilde;es (Lei 9.472\/97). Com a nova reda&ccedil;&atilde;o destes marcos legais, a pena de deten&ccedil;&atilde;o deixa de ser aplicada aos respons&aacute;veis por r&aacute;dios comunit&aacute;rias que operem sem autoriza&ccedil;&atilde;o em pot&ecirc;ncia inferior a 250W.<\/p>\n<p>No parecer sobre o Projeto de Lei 4.549\/98, de autoria do deputado Salvador Zimbaldi, e outras cinco propostas que foram apensadas ao texto original desde sua apresenta&ccedil;&atilde;o, Walter Pinheiro ressalta que a legisla&ccedil;&atilde;o atual pune desproporcionalmente um servi&ccedil;o de radiodifus&atilde;o protegido por regras especiais exatamente por seu car&aacute;ter democratizante. Al&eacute;m disso, o deputado ressalta que &ldquo;as r&aacute;dios comunit&aacute;rias verdadeiras,  operando com ou sem outorga, n&atilde;o representam uma amea&ccedil;a &agrave; radiodifus&atilde;o  comercial, &agrave; popula&ccedil;&atilde;o ou ao sistema de controle do tr&aacute;fego a&eacute;reo, como  muitos querem fazer crer&rdquo;.  <\/p>\n<p>O substitutivo segue para a Comiss&atilde;o de Constitui&ccedil;&atilde;o e Justi&ccedil;a. Depois, ter&aacute; de ir a Plen&aacute;rio, porque um dos projetos apensados exige este tipo de tramita&ccedil;&atilde;o.<\/p>\n<p style=\"margin-bottom: 0cm\" class=\"western padrao\"><strong>Aten&ccedil;&atilde;o &agrave; revis&atilde;o do marco legal<\/strong><\/p>\n<p>Al&eacute;m disso, os deputados deliberaram pelo prosseguimento dos trabalhos da subcomiss&atilde;o de radiodifus&atilde;o, que agora ter&aacute; como miss&atilde;o acompanhar a implanta&ccedil;&atilde;o das medidas de revis&atilde;o da legisla&ccedil;&atilde;o previstas em relat&oacute;rio aprovado na semana passada. O requerimento apresentado pela deputada Luiza Erundina (PSB-SP), que presidiu a subcomiss&atilde;o na sua primeira etapa de a&ccedil;&atilde;o, tamb&eacute;m foi aprovado por unanimidade.<\/p>\n<p>O trabalho da subcomiss&atilde;o j&aacute; havia resultado na aprova&ccedil;&atilde;o do Ato Normativo 1\/2007, que modificou os tr&acirc;mites dos processos de outorga e renova&ccedil;&atilde;o de concess&otilde;es de r&aacute;dio e TV dentro do Congresso. Entre as novidades, a possibilidade de o Legislativo convocar audi&ecirc;ncias p&uacute;blicas para avaliar o uso das concess&otilde;es a serem renovadas ou os projetos para novos canais. Foi esta medida que permitiu que, no dia 27 de novembro, a CCTCI realizasse uma primeira reuni&atilde;o deste tipo, avaliando as concess&otilde;es das cabe&ccedil;as-de-rede da Globo, Record e Bandeirantes. <a href=\"http:\/\/localhost\/intervozes_direitoacomunicacao\/wordpress\/?p=22191\">[Leia tamb&eacute;m.]<\/a> <\/p>\n<p>O relat&oacute;rio final da subcomiss&atilde;o foi aprovado na semana passada. O texto, finalizado pela deputada Maria do Carmo Lara (PT-MG), prop&otilde;e mudan&ccedil;as concretas nos procedimentos de an&aacute;lise das outorgas, sugere mecanismos e iniciativas com vistas &agrave; melhoria das a&ccedil;&otilde;es de fiscaliza&ccedil;&atilde;o e recomenda mudan&ccedil;as legislativas em v&aacute;rio instrumentos que regulam a radiodifus&atilde;o, inclusive a Constitui&ccedil;&atilde;o Federal. <a href=\"http:\/\/localhost\/intervozes_direitoacomunicacao\/wordpress\/?p=22221\">[Leia tamb&eacute;m.]<\/a> <\/p>\n<p>Na pr&aacute;tica, a subcomiss&atilde;o ressurge nesta nova fase para tentar garantir que o relat&oacute;rio n&atilde;o permane&ccedil;a como boa inten&ccedil;&atilde;o.<\/p>\n<p><strong>Renova&ccedil;&atilde;o da Globo<\/strong><\/p>\n<p>Na pauta da reuni&atilde;o da CCTCI, constavam tamb&eacute;m para aprecia&ccedil;&atilde;o os relat&oacute;rios sobre a renova&ccedil;&atilde;o de quatro concess&otilde;es pr&oacute;prias da Globo. As outorgas das emissoras no Rio de Janeiro, S&atilde;o Paulo, Belo Horizonte e Bras&iacute;lia est&atilde;o vencidas desde 5 de outubro de 2007. <\/p>\n<p>Todos os quatro relat&oacute;rios foram retirados de pauta por um pedido de vistas conjunto encabe&ccedil;ado pela deputada Luiza Erundina e assinado tamb&eacute;m pelos deputados Bilac Pinto (PR-MG), Eun&iacute;cio Oliveira (PMDB-CE), Jos&eacute; Rocha (PR-BA), Julio Semeghini (PSDB-SP), Nelson Proen&ccedil;a (PPS-RS) e Paulo Bornhausen (DEM-SC).<\/p>\n<p>Na audi&ecirc;ncia do dia 27, representantes de organiza&ccedil;&otilde;es sociais apresentaram propostas de termos aditivos ao contrato de concess&atilde;o, que poderiam ser inclu&iacute;dos pela CCTCI durante o processo de renova&ccedil;&atilde;o. A proposta de aditar os contratos havia sido bem recebida pelos deputados presentes &agrave; audi&ecirc;ncia e esperava-se que o assunto fosse retomado antes da aprecia&ccedil;&atilde;o dos relat&oacute;rios sobre a renova&ccedil;&atilde;o tanto das emissoras da Globo, como da Record e da Bandeirantes. O pedido de vistas pode abrir espa&ccedil;o para que isso seja feito agora. <\/p>\n<p>A quinta emissora pr&oacute;pria da Globo, no Recife, j&aacute; teve seu parecer aprovado. Os pareceres atuais foram redigidos pelos deputados J&uacute;lio Semeghini (emissora do Rio de Janeiro), Bilac Pinto (emissora de S&atilde;o Paulo), Miro Teixeira (PDT-RJ, emissora de Belo Horizonte) e Jorge Bittar (PT-RJ, emissora de Bras&iacute;lia).<\/p>\n","protected":false},"excerpt":{"rendered":"<p>De forma tamb\u00e9m inesperada, deputados suspenderam processos de renova\u00e7\u00e3o de concess\u00f5es da Globo e recriaram subcomiss\u00e3o de radiodifus\u00e3o, que acompanhar\u00e1 projetos de moderniza\u00e7\u00e3o do marco legal<\/p>\n","protected":false},"author":1,"featured_media":0,"comment_status":"open","ping_status":"open","sticky":false,"template":"","format":"standard","meta":{"footnotes":""},"categories":[40],"tags":[230],"_links":{"self":[{"href":"https:\/\/obscom.intervozes.org.br\/index.php?rest_route=\/wp\/v2\/posts\/22250"}],"collection":[{"href":"https:\/\/obscom.intervozes.org.br\/index.php?rest_route=\/wp\/v2\/posts"}],"about":[{"href":"https:\/\/obscom.intervozes.org.br\/index.php?rest_route=\/wp\/v2\/types\/post"}],"author":[{"embeddable":true,"href":"https:\/\/obscom.intervozes.org.br\/index.php?rest_route=\/wp\/v2\/users\/1"}],"replies":[{"embeddable":true,"href":"https:\/\/obscom.intervozes.org.br\/index.php?rest_route=%2Fwp%2Fv2%2Fcomments&post=22250"}],"version-history":[{"count":2,"href":"https:\/\/obscom.intervozes.org.br\/index.php?rest_route=\/wp\/v2\/posts\/22250\/revisions"}],"predecessor-version":[{"id":27979,"href":"https:\/\/obscom.intervozes.org.br\/index.php?rest_route=\/wp\/v2\/posts\/22250\/revisions\/27979"}],"wp:attachment":[{"href":"https:\/\/obscom.intervozes.org.br\/index.php?rest_route=%2Fwp%2Fv2%2Fmedia&parent=22250"}],"wp:term":[{"taxonomy":"category","embeddable":true,"href":"https:\/\/obscom.intervozes.org.br\/index.php?rest_route=%2Fwp%2Fv2%2Fcategories&post=22250"},{"taxonomy":"post_tag","embeddable":true,"href":"https:\/\/obscom.intervozes.org.br\/index.php?rest_route=%2Fwp%2Fv2%2Ftags&post=22250"}],"curies":[{"name":"wp","href":"https:\/\/api.w.org\/{rel}","templated":true}]}}