{"id":22248,"date":"2008-12-09T17:58:43","date_gmt":"2008-12-09T17:58:43","guid":{"rendered":"https:\/\/obscom.intervozes.org.br\/wordpress\/?p=22248"},"modified":"2008-12-09T17:58:43","modified_gmt":"2008-12-09T17:58:43","slug":"proposta-de-parceria-com-o-governo-preve-aumentar-producao-independente","status":"publish","type":"post","link":"https:\/\/obscom.intervozes.org.br\/?p=22248","title":{"rendered":"Proposta de parceria com o governo prev\u00ea aumentar produ\u00e7\u00e3o independente"},"content":{"rendered":"<p>   \t \t \t \t \t<!-- \t\t@page { margin: 2cm } \t\tP { margin-bottom: 0.21cm } \t--> \t   <\/p>\n<p style=\"margin-bottom: 0cm\" class=\"western padrao padrao\">O Conselho Curador da TV Cultura aprovou, nesta segunda-feira (8), o acordo de parceria entre a emissora e o governo do Estado para o repasse de recursos nos pr&oacute;ximos cinco anos. &Eacute; a primeira vez que h&aacute; um acordo entre as duas partes. <\/p>\n<p>A TV Cultura precisa cumprir itens para que receba o repasse do governo, no valor de R$ 15 milh&otilde;es maior a cada ano, em rela&ccedil;&atilde;o a 2008 &ndash; R$ 80 milh&otilde;es &ndash; caso cumpra totalmente suas metas. Entre os itens do acordo est&atilde;o o compromisso da emissora p&uacute;blica em aumentar a exibi&ccedil;&atilde;o de programas com produ&ccedil;&atilde;o independente e diminuir a publicidade comercial.<\/p>\n<p>Segundo Paulo Markun, presidente da TV Cultura, o percentual de produ&ccedil;&atilde;o independente deve passar de 27% em 2009, para 32%, em 2013. Markun n&atilde;o teme queda na qualidade da programa&ccedil;&atilde;o da emissora. &ldquo;Teremos programas de qualidade. O canal Futura (Net), por exemplo, tem uma produ&ccedil;&atilde;o quase 100% independente e &eacute; boa. Ser&aacute; um processo gradativo que fortalecer&aacute; o mercado de produtoras independentes&rdquo;, disse o presidente da TV Cultura.<\/p>\n<p>O valor repassado a programas da TV Cultura tende a diminuir, ao menos, em 2009, em rela&ccedil;&atilde;o a 2008, de R$ 10 milh&otilde;es para R$ 6 milh&otilde;es. &ldquo;Investir menos n&atilde;o &eacute; tirar programa do ar. Vamos acrescentar novos programas que constru&iacute;mos em 2008&rdquo;, disse Markun. <\/p>\n<p>Em rela&ccedil;&atilde;o &agrave; publicidade, a TV Cultura tamb&eacute;m ter&aacute; de reduzir de 4% para 1% a publicidade comercial, invertendo de 1% para 4% a propaganda institucional. A propaganda institucional &eacute; aquela em que as empresas n&atilde;o divulgam produtos mas fazem uma campanha. A Abiquim fez recentemente uma publicidade institucional na Cultura, com a Campanha Todo o Dia com a Qu&iacute;mica<\/p>\n<p>A TV Cultura ainda tem outros compromissos a cumprir para garantir o repasse, como aumentar a participa&ccedil;&atilde;o no custeio da emissora. &ldquo;Este ano, estamos contribuindo com R$ 104 milh&otilde;es. Em 2009, ser&atilde;o R$ 108 milh&otilde;es&rdquo;, afirmou Markun.<\/p>\n<p><strong>Governo se compromete a investir mais e a pagar d&iacute;vidas trabalhistas<\/strong><\/p>\n<p>Jorge da Cunha Lima, presidente do conselho da TV Cultura, informa que, em contrapartida, o governo do Estado aumentar&aacute; o valor para os investimentos da emissora &ndash; aqui n&atilde;o se contabilizam gastos com administrativo e pessoal. Ser&atilde;o cerca de R$ 15 milh&otilde;es a mais por ano, que podem ser investidos em programa&ccedil;&atilde;o e projetos da emissora.<\/p>\n<p>O governo tamb&eacute;m se comprometer&aacute; a pagar as d&iacute;vidas trabalhistas. Em 2008, elas foram da ordem de R$ 9 milh&otilde;es. &ldquo;S&atilde;o estoques de coisas do passado, diss&iacute;dios coletivos&rdquo;, afirmou o presidente da TV Cultura, Paulo Markun.<\/p>\n<p>O acordo de parceria precisa ainda ser aprovado pelo governo. O presidente da emissora acredita que n&atilde;o haver&aacute; dificuldades. &ldquo;O termo teve a colabora&ccedil;&atilde;o do governo&rdquo;, disse Markun.<\/p>\n","protected":false},"excerpt":{"rendered":"<p>O Conselho Curador da TV Cultura aprovou, nesta segunda-feira (8), o acordo de parceria entre a emissora e o governo do Estado para o repasse de recursos nos pr&oacute;ximos cinco anos. &Eacute; a primeira vez que h&aacute; um acordo entre as duas partes. A TV Cultura precisa cumprir itens para que receba o repasse do &hellip; <a href=\"https:\/\/obscom.intervozes.org.br\/?p=22248\" class=\"more-link\">Continue lendo <span class=\"screen-reader-text\">Proposta de parceria com o governo prev\u00ea aumentar produ\u00e7\u00e3o independente<\/span> <span class=\"meta-nav\">&rarr;<\/span><\/a><\/p>\n","protected":false},"author":1,"featured_media":0,"comment_status":"open","ping_status":"open","sticky":false,"template":"","format":"standard","meta":{"footnotes":""},"categories":[40],"tags":[201],"_links":{"self":[{"href":"https:\/\/obscom.intervozes.org.br\/index.php?rest_route=\/wp\/v2\/posts\/22248"}],"collection":[{"href":"https:\/\/obscom.intervozes.org.br\/index.php?rest_route=\/wp\/v2\/posts"}],"about":[{"href":"https:\/\/obscom.intervozes.org.br\/index.php?rest_route=\/wp\/v2\/types\/post"}],"author":[{"embeddable":true,"href":"https:\/\/obscom.intervozes.org.br\/index.php?rest_route=\/wp\/v2\/users\/1"}],"replies":[{"embeddable":true,"href":"https:\/\/obscom.intervozes.org.br\/index.php?rest_route=%2Fwp%2Fv2%2Fcomments&post=22248"}],"version-history":[{"count":0,"href":"https:\/\/obscom.intervozes.org.br\/index.php?rest_route=\/wp\/v2\/posts\/22248\/revisions"}],"wp:attachment":[{"href":"https:\/\/obscom.intervozes.org.br\/index.php?rest_route=%2Fwp%2Fv2%2Fmedia&parent=22248"}],"wp:term":[{"taxonomy":"category","embeddable":true,"href":"https:\/\/obscom.intervozes.org.br\/index.php?rest_route=%2Fwp%2Fv2%2Fcategories&post=22248"},{"taxonomy":"post_tag","embeddable":true,"href":"https:\/\/obscom.intervozes.org.br\/index.php?rest_route=%2Fwp%2Fv2%2Ftags&post=22248"}],"curies":[{"name":"wp","href":"https:\/\/api.w.org\/{rel}","templated":true}]}}