{"id":22245,"date":"2008-12-09T16:57:39","date_gmt":"2008-12-09T16:57:39","guid":{"rendered":"https:\/\/obscom.intervozes.org.br\/wordpress\/?p=22245"},"modified":"2008-12-09T16:57:39","modified_gmt":"2008-12-09T16:57:39","slug":"minc-lanca-edital-de-producao-de-minisseries-para-tv-publica","status":"publish","type":"post","link":"https:\/\/obscom.intervozes.org.br\/?p=22245","title":{"rendered":"MinC lan\u00e7a edital de produ\u00e7\u00e3o de miniss\u00e9ries para TV p\u00fablica"},"content":{"rendered":"<p>   \t \t \t \t \t<!-- \t\t@page { margin: 2cm } \t\tP { margin-bottom: 0.21cm } \t--> \t  <\/p>\n<p style=\"margin-bottom: 0cm\" class=\"western\"><span class=\"padrao\">O Minist&eacute;rio da Cultura (MinC), a Sociedade Amigos da Cinemateca (SAC) e a Empresa Brasil de Comunica&ccedil;&atilde;o (EBC) lan&ccedil;am hoje edital de Sele&ccedil;&atilde;o de Projetos de Desenvolvimento e Produ&ccedil;&atilde;o de Teledramaturgia Seriada para TVs P&uacute;blicas &#8211; FICTV, como parte do Programa Mais Cultura. O edital &eacute; voltado para projetos de produ&ccedil;&atilde;o de miniss&eacute;ries, com 13 epis&oacute;dios de 26 minutos de dura&ccedil;&atilde;o cada, que proponham uma vis&atilde;o original sobre a juventude brasileira das classes C, D e E. As miniss&eacute;ries ser&atilde;o exibidas nas emissoras da Rede P&uacute;blica de Televis&atilde;o.<\/p>\n<p>Os projetos ser&atilde;o selecionados por Comiss&atilde;o de Avalia&ccedil;&atilde;o formada por especialistas em teledramaturgia e produ&ccedil;&atilde;o audiovisual indicados pelo Minist&eacute;rio da Cultura. O processo de sele&ccedil;&atilde;o ser&aacute; realizado em duas etapas.<\/p>\n<p>Na primeira, de Desenvolvimento de Projeto T&eacute;cnico de Realiza&ccedil;&atilde;o de Miniss&eacute;rie, ser&atilde;o selecionados at&eacute; oito projetos, que receber&atilde;o R$ 250 mil, cada um, para executar o plano de desenvolvimento do projeto da miniss&eacute;rie, que inclui a produ&ccedil;&atilde;o do epis&oacute;dio piloto. Os pilotos ser&atilde;o exibidos nas emissoras p&uacute;blicas de televis&atilde;o, e ser&atilde;o submetidos a uma an&aacute;lise de performance.<\/p>\n<p>Na segunda etapa, de Produ&ccedil;&atilde;o de Miniss&eacute;rie, ser&atilde;o selecionados at&eacute; tr&ecirc;s projetos t&eacute;cnicos, dentre os oito pr&eacute;-selecionados na primeira fase, considerando-se o relat&oacute;rio de performance dos pilotos exibidos e o respectivo projeto de produ&ccedil;&atilde;o da miniss&eacute;rie. Cada projeto premiado receber&aacute; aporte total de recursos financeiros no valor de R$ 2,6 milh&otilde;es para produzir a miniss&eacute;rie com 13 epis&oacute;dios.<\/p>\n<p>As inscri&ccedil;&otilde;es dever&atilde;o ser realizadas no per&iacute;odo de 10 de dezembro de 2008 a 15 de mar&ccedil;o de 2009. Todas as informa&ccedil;&otilde;es sobre o edital, pesquisas de apoio, regulamento e a ficha de inscri&ccedil;&atilde;o estar&atilde;o dispon&iacute;veis na p&aacute;gina eletr&ocirc;nica fictv.cultura.gov.br<\/span><\/p>\n","protected":false},"excerpt":{"rendered":"<p>O Minist&eacute;rio da Cultura (MinC), a Sociedade Amigos da Cinemateca (SAC) e a Empresa Brasil de Comunica&ccedil;&atilde;o (EBC) lan&ccedil;am hoje edital de Sele&ccedil;&atilde;o de Projetos de Desenvolvimento e Produ&ccedil;&atilde;o de Teledramaturgia Seriada para TVs P&uacute;blicas &#8211; FICTV, como parte do Programa Mais Cultura. O edital &eacute; voltado para projetos de produ&ccedil;&atilde;o de miniss&eacute;ries, com 13 &hellip; <a href=\"https:\/\/obscom.intervozes.org.br\/?p=22245\" class=\"more-link\">Continue lendo <span class=\"screen-reader-text\">MinC lan\u00e7a edital de produ\u00e7\u00e3o de miniss\u00e9ries para TV p\u00fablica<\/span> <span class=\"meta-nav\">&rarr;<\/span><\/a><\/p>\n","protected":false},"author":1,"featured_media":0,"comment_status":"open","ping_status":"open","sticky":false,"template":"","format":"standard","meta":{"footnotes":""},"categories":[40],"tags":[120],"_links":{"self":[{"href":"https:\/\/obscom.intervozes.org.br\/index.php?rest_route=\/wp\/v2\/posts\/22245"}],"collection":[{"href":"https:\/\/obscom.intervozes.org.br\/index.php?rest_route=\/wp\/v2\/posts"}],"about":[{"href":"https:\/\/obscom.intervozes.org.br\/index.php?rest_route=\/wp\/v2\/types\/post"}],"author":[{"embeddable":true,"href":"https:\/\/obscom.intervozes.org.br\/index.php?rest_route=\/wp\/v2\/users\/1"}],"replies":[{"embeddable":true,"href":"https:\/\/obscom.intervozes.org.br\/index.php?rest_route=%2Fwp%2Fv2%2Fcomments&post=22245"}],"version-history":[{"count":0,"href":"https:\/\/obscom.intervozes.org.br\/index.php?rest_route=\/wp\/v2\/posts\/22245\/revisions"}],"wp:attachment":[{"href":"https:\/\/obscom.intervozes.org.br\/index.php?rest_route=%2Fwp%2Fv2%2Fmedia&parent=22245"}],"wp:term":[{"taxonomy":"category","embeddable":true,"href":"https:\/\/obscom.intervozes.org.br\/index.php?rest_route=%2Fwp%2Fv2%2Fcategories&post=22245"},{"taxonomy":"post_tag","embeddable":true,"href":"https:\/\/obscom.intervozes.org.br\/index.php?rest_route=%2Fwp%2Fv2%2Ftags&post=22245"}],"curies":[{"name":"wp","href":"https:\/\/api.w.org\/{rel}","templated":true}]}}