{"id":22243,"date":"2008-12-09T15:57:43","date_gmt":"2008-12-09T15:57:43","guid":{"rendered":"https:\/\/obscom.intervozes.org.br\/wordpress\/?p=22243"},"modified":"2008-12-09T15:57:43","modified_gmt":"2008-12-09T15:57:43","slug":"linha-editorial-e-tema-de-reuniao-entre-diretoria-e-funcionarios","status":"publish","type":"post","link":"https:\/\/obscom.intervozes.org.br\/?p=22243","title":{"rendered":"Linha editorial \u00e9 tema de reuni\u00e3o entre diretoria e funcion\u00e1rios"},"content":{"rendered":"<p>   \t \t \t \t \t<!-- \t\t@page { margin: 2cm } \t\tP { margin-bottom: 0.21cm } \t--> \t  <\/p>\n<p style=\"margin-bottom: 0cm\" class=\"western padrao\">Pouco depois de completar um ano de vida, a dire&ccedil;&atilde;o da Empresa Brasil de Comunica&ccedil;&atilde;o (EBC) reuniu-se pela primeira vez com o conjunto dos trabalhadores neste s&aacute;bado (5) para discutir o presente e o futuro da empresa. No evento, os empregados pediram mais espa&ccedil;os de participa&ccedil;&atilde;o, um processo democr&aacute;tico de constru&ccedil;&atilde;o de par&acirc;metros editoriais para a cobertura jornal&iacute;stica e para os programas das emissoras e maiores investimentos nas esta&ccedil;&otilde;es de r&aacute;dio e na Ag&ecirc;ncia Brasil, m&iacute;dias que receberam pouca aten&ccedil;&atilde;o em 2008.<\/p>\n<p>A aus&ecirc;ncia de uma linha editorial e os problemas causados por isso foram as quest&otilde;es mais lembradas pelos funcion&aacute;rios. &ldquo;Trabalh&aacute;vamos na Radiobr&aacute;s em cima de um conceito de jornalismo p&uacute;blico com foco no cidad&atilde;o. Agora, n&atilde;o sabemos se tal orienta&ccedil;&atilde;o editorial permanece. O que deve guiar a informa&ccedil;&atilde;o que &eacute; produzida na EBC?&rdquo;, perguntou um rep&oacute;rter da Ag&ecirc;ncia Brasil. &ldquo;O que fazemos n&atilde;o &eacute; jornalismo p&uacute;blico, uma panac&eacute;ia que n&atilde;o diz nada. Fazemos jornalismo de interesse p&uacute;blico&rdquo;, respondeu a diretora-presidente, Tereza Cruvinel.<\/p>\n<p>Outros participantes questionaram ent&atilde;o o que designaria o &ldquo;jornalismo de interesse p&uacute;blico&rdquo; e como este se materializaria em escolhas editoriais do cotidiano. Foram citados casos freq&uuml;entes de diferen&ccedil;as de enquadramento de temas entre dirigentes dos ve&iacute;culos informativos e seus rep&oacute;rteres. <\/p>\n<p>&ldquo;A Ag&ecirc;ncia Brasil passou a cobrir apenas economia e est&aacute; deixando de dar aten&ccedil;&atilde;o a temas sociais&rdquo;, criticou o rep&oacute;rter Welton M&aacute;ximo. &ldquo;Se ficarmos s&oacute; fazendo mat&eacute;rias sobre a sociedade civil, que s&atilde;o importantes, mas ignorarmos o notici&aacute;rio, vamos ser um gueto. Mas n&atilde;o queremos ser gueto, temos que disputar a opini&atilde;o p&uacute;blica. Tem que saber fazer isso sem deixar de registrar as posi&ccedil;&otilde;es da sociedade civil&rdquo;, rebateu Tereza Cruvinel. <\/p>\n<p><strong>Par&acirc;metros claros<\/strong><\/p>\n<p>As diferen&ccedil;as expl&iacute;citas evidenciaram a dificuldade de equacionar v&aacute;rias vis&otilde;es sobre o que deve ser a produ&ccedil;&atilde;o de conte&uacute;dos, n&atilde;o apenas jornal&iacute;sticos, numa empresa p&uacute;blica que, at&eacute; agora, n&atilde;o tem par&acirc;metros institucionalizados. &ldquo;O desafio da empresa &eacute; produzir uma comunica&ccedil;&atilde;o diferenciada. Para isso, &eacute; importante enfrentar o desafio de rapidamente abrir um debate amplo para definir e documentar os crit&eacute;rios que norteiam a produ&ccedil;&atilde;o de comunica&ccedil;&atilde;o de cada um de seus ve&iacute;culos&rdquo;, defende documento da Comiss&atilde;o de Funcion&aacute;rios da empresa lido por Fl&aacute;vio Silva durante o encontro.<\/p>\n<p>Na avalia&ccedil;&atilde;o do dirigente, a exist&ecirc;ncia destas orienta&ccedil;&otilde;es &eacute; importante n&atilde;o apenas para que chefia e trabalhadores possam atuar em cima de crit&eacute;rios definidos, mas tamb&eacute;m para que a sociedade tenha clara qual &eacute; a miss&atilde;o e linha editorial de cada um dos ve&iacute;culos. Estas, acrescentou, asseguram que um trabalhador possa proteger a informa&ccedil;&atilde;o veiculada por uma m&iacute;dia p&uacute;blica das vontades de chefes e permitem &agrave; popula&ccedil;&atilde;o ter par&acirc;metros para avaliar a informa&ccedil;&atilde;o produzida pelas emissoras de TV e r&aacute;dio e pela Ag&ecirc;ncia Brasil.<\/p>\n<p>Tereza Cruvinel respondeu afirmando ser este o papel do Conselho Curador. &ldquo;&Eacute; o conselho que define plano editorial. Ele est&aacute; acima dos trabalhadores e da diretoria&rdquo;, afirmou.<\/p>\n<p>O &oacute;rg&atilde;o, que re&uacute;ne 22 integrantes representando a sociedade, o Legislativo e o Executivo, tamb&eacute;m foi alvo de reivindica&ccedil;&otilde;es dos trabalhadores. &ldquo;&Eacute; importante que o Conselho Curador e o Conselho de Administra&ccedil;&atilde;o sejam transparentes tamb&eacute;m. Afinal, s&atilde;o inst&acirc;ncias decis&oacute;rias desta empresa. Todos devem poder saber o que discutem, o que cada um que est&aacute; l&aacute; defende e as suas delibera&ccedil;&otilde;es. Afinal, as informa&ccedil;&otilde;es de uma empresa p&uacute;blica s&atilde;o necessariamente p&uacute;blicas&quot;, pede o documento dos trabalhadores. <\/p>\n<p><strong>Mais do que TV Brasil<\/strong><\/p>\n<p>Outro tema recorrente nas interven&ccedil;&otilde;es dos trabalhadores foi a prioridade absoluta dada &agrave; TV Brasil em detrimento de outras m&iacute;dias, como r&aacute;dio e internet, al&eacute;m de outras diretorias, como a de Servi&ccedil;os. &ldquo;Quando algu&eacute;m liga para a portaria da empresa, atendem falando &#39;al&ocirc;, TV Brasil, bom dia?&#39;&rdquo;, ilustrou um dos funcion&aacute;rios presentes mostrando como h&aacute; uma hipertrofia da visibilidade da considerada &ldquo;nova TV p&uacute;blica&rdquo; em rela&ccedil;&atilde;o &agrave; EBC. <\/p>\n<p>&ldquo;Tivemos foco na TV p&uacute;blica sim, foi ela que gerou a EBC. Como a gente enfrenta uma pancadaria l&aacute; fora, e depois diz que vai dar prioridade ao r&aacute;dio?&rdquo;, confirmou Tereza Cruvinel justificando o foco da a&ccedil;&atilde;o da empresa. Segundo a diretora-presidente, nos seis meses de exist&ecirc;ncia de fato da empresa, houve muito pouco tempo at&eacute; mesmo para desenvolver o projeto da TV, mas ainda assim o r&aacute;dio n&atilde;o foi abandonado. &ldquo;Criamos a Superintend&ecirc;ncia de R&aacute;dio para que houvesse um &oacute;rg&atilde;o dentro da empresa que coordenasse as oito emissoras. O r&aacute;dio est&aacute; contemplado para renova&ccedil;&atilde;o do parque tecnol&oacute;gico e est&aacute; vivenciando uma amplia&ccedil;&atilde;o da presen&ccedil;a na Amaz&ocirc;nia&rdquo;, relembrou. <\/p>\n<p>Cruvinel anunciou que est&aacute; em processo de elabora&ccedil;&atilde;o um plano estrat&eacute;gico para o r&aacute;dio que deve contar com parcerias e promover uma nova segmenta&ccedil;&atilde;o do conjunto das emissoras para evitar duplica&ccedil;&atilde;o de servi&ccedil;os. Para a Ag&ecirc;ncia Brasil, est&atilde;o sendo preparados investimentos em infra-estrutura e em novas funcionalidades para garantir um perfil mais convergente, incluindo conte&uacute;dos em &aacute;udio e v&iacute;deo.<\/p>\n<p><strong>Maior participa&ccedil;&atilde;o<\/strong><\/p>\n<p>Os trabalhadores voltaram a defender maior participa&ccedil;&atilde;o para que possam discutir e incidir nas mudan&ccedil;as em curso, bem como assegurar a sustentabilidade dos avan&ccedil;os conquistados. &ldquo;A exist&ecirc;ncia de uma empresa p&uacute;blica de comunica&ccedil;&atilde;o &eacute; uma causa n&atilde;o s&oacute; da atual administra&ccedil;&atilde;o, mas &eacute; uma causa dos trabalhadores da EBC e de boa parte da sociedade brasileira&rdquo;, afirmou o representante da Comiss&atilde;o de Funcion&aacute;rios Fl&aacute;vio Silva. &ldquo;N&atilde;o sabemos o que vai acontecer da EBC daqui um dia ou daqui dois ou dez anos. Mas sabemos que ter os trabalhadores como defensores de uma empresa p&uacute;blica para a sociedade gera condi&ccedil;&otilde;es de evitar retrocessos e pode permitir muitos avan&ccedil;os. Cada um de n&oacute;s, dentro mas tamb&eacute;m fora da empresa deve ser visto como um aliado e defensor da empresa p&uacute;blica, mas para isso precisamos criar os espa&ccedil;os necess&aacute;rios para que nos vejamos como tal.&rdquo;<\/p>\n<p>A diretora-presidente, Tereza Cruvinel, endossou as palavras do jornalista. &ldquo;N&atilde;o acredito no voluntarismo e no protagonismo exclusivo dos dirigentes&rdquo;, disse Cruvinel, refor&ccedil;ando que o projeto de um sistema p&uacute;blico n&atilde;o depende s&oacute; de vontade de governo e dinheiro para investir, mas principalmente da &ldquo;assimila&ccedil;&atilde;o da sociedade&rdquo; e do &ldquo;compromisso dos que est&atilde;o na empresa&rdquo;. &ldquo;As diretorias v&atilde;o passar, mas a empresa ficar&aacute; com uma miss&atilde;o, e ela s&oacute; ter&aacute; sucesso se o conjunto das pessoas que trabalham e que s&atilde;o seus funcion&aacute;rios de carreira se engajarem neste processo.&rdquo; <\/p>\n<p>Para garantir que aqueles que s&atilde;o respons&aacute;veis pelos conte&uacute;dos produzidos pelas diversas emissoras da EBC assumam este compromisso, os trabalhadores reivindicaram mais espa&ccedil;os de di&aacute;logo e participa&ccedil;&atilde;o. &quot;Precisamos ampliar os espa&ccedil;os de interlocu&ccedil;&atilde;o. Este foi apenas o primeiro encontro do ano. Queremos estabelecer formas de di&aacute;logo e avalia&ccedil;&atilde;o constante entre empregados, chefias imediatas e dire&ccedil;&atilde;o&rdquo;, reivindicou Fl&aacute;vio Silva.<\/p>\n","protected":false},"excerpt":{"rendered":"<p>Trabalhadores querem participar da defini\u00e7\u00e3o de par\u00e2metros para a cobertura jornal\u00edstica e a produ\u00e7\u00e3o de programas; para Tereza Cruvinel, fun\u00e7\u00e3o cabe ao Conselho Curador da empresa<\/p>\n","protected":false},"author":1,"featured_media":0,"comment_status":"open","ping_status":"open","sticky":false,"template":"","format":"standard","meta":{"footnotes":""},"categories":[40],"tags":[754],"_links":{"self":[{"href":"https:\/\/obscom.intervozes.org.br\/index.php?rest_route=\/wp\/v2\/posts\/22243"}],"collection":[{"href":"https:\/\/obscom.intervozes.org.br\/index.php?rest_route=\/wp\/v2\/posts"}],"about":[{"href":"https:\/\/obscom.intervozes.org.br\/index.php?rest_route=\/wp\/v2\/types\/post"}],"author":[{"embeddable":true,"href":"https:\/\/obscom.intervozes.org.br\/index.php?rest_route=\/wp\/v2\/users\/1"}],"replies":[{"embeddable":true,"href":"https:\/\/obscom.intervozes.org.br\/index.php?rest_route=%2Fwp%2Fv2%2Fcomments&post=22243"}],"version-history":[{"count":0,"href":"https:\/\/obscom.intervozes.org.br\/index.php?rest_route=\/wp\/v2\/posts\/22243\/revisions"}],"wp:attachment":[{"href":"https:\/\/obscom.intervozes.org.br\/index.php?rest_route=%2Fwp%2Fv2%2Fmedia&parent=22243"}],"wp:term":[{"taxonomy":"category","embeddable":true,"href":"https:\/\/obscom.intervozes.org.br\/index.php?rest_route=%2Fwp%2Fv2%2Fcategories&post=22243"},{"taxonomy":"post_tag","embeddable":true,"href":"https:\/\/obscom.intervozes.org.br\/index.php?rest_route=%2Fwp%2Fv2%2Ftags&post=22243"}],"curies":[{"name":"wp","href":"https:\/\/api.w.org\/{rel}","templated":true}]}}