{"id":22228,"date":"2008-12-04T20:01:45","date_gmt":"2008-12-04T20:01:45","guid":{"rendered":"https:\/\/obscom.intervozes.org.br\/wordpress\/?p=22228"},"modified":"2008-12-04T20:01:45","modified_gmt":"2008-12-04T20:01:45","slug":"bndes-reserva-r-1-bilhao-para-tvs-fazerem-a-transicao-para-o-digital","status":"publish","type":"post","link":"https:\/\/obscom.intervozes.org.br\/?p=22228","title":{"rendered":"BNDES reserva R$ 1 bilh\u00e3o para TVs fazerem a transi\u00e7\u00e3o para o digital"},"content":{"rendered":"<p>   \t \t \t \t \t<!-- \t\t@page { margin: 2cm } \t\tP { margin-bottom: 0.21cm } \t--> \t  <\/p>\n<p style=\"margin-bottom: 0cm\" class=\"western padrao\">Em solenidade realizada na &uacute;ltima quarta-feira (3), em Campinas (SP), pela inaugura&ccedil;&atilde;o da nova sede digital da TVB local, especialistas do setor de comunica&ccedil;&atilde;o afirmaram que a melhoria na obten&ccedil;&atilde;o de cr&eacute;dito facilitar&aacute; a ades&atilde;o da popula&ccedil;&atilde;o &agrave; TV Digital em 2009. Segundo noticiou o jornal DCI, uma das iniciativas propostas para o pr&oacute;ximo ano ser&aacute; o repasse de R$ 1 bilh&atilde;o ao Programa de Financiamento &agrave; TV Digital (Protvd), dinheiro este financiado com recursos do Banco Nacional do Desenvolvimento Econ&ocirc;mico Social (BNDES). <\/p>\n<p>Na ocasi&atilde;o, o ministro das comunica&ccedil;&otilde;es, H&eacute;lio Costa, ressaltou que a inten&ccedil;&atilde;o do governo &eacute; fazer com que emissoras de pequeno porte do pa&iacute;s obtenham f&aacute;cil acesso a cr&eacute;ditos viabilizados pelo BNDES para o fomento do setor.<\/p>\n<p>A partir do pr&oacute;ximo ano, empr&eacute;stimos acima de R$ 5 milh&otilde;es concedidos pelo Banco &agrave;s empresas do setor n&atilde;o exigir&atilde;o a media&ccedil;&atilde;o de um agente financeiro, medida n&atilde;o aceita at&eacute; ent&atilde;o pelo governo.<\/p>\n<p>Para o chefe de telecomunica&ccedil;&otilde;es do BNDES, Alan Fishcer, o programa beneficiar&aacute; as empresas de menor porte, devido &agrave; exig&ecirc;ncia de equipamentos nacionais de transmiss&atilde;o, em detrimento dos grandes conglomerados de TV. Na justificativa do executivo, a ampla cobertura dedicada por empresas de grande proje&ccedil;&atilde;o ocasionar&aacute; em &ocirc;nus maiores, o que inviabilizar&aacute; ades&otilde;es ao Protvd.<\/p>\n","protected":false},"excerpt":{"rendered":"<p>Em solenidade realizada na &uacute;ltima quarta-feira (3), em Campinas (SP), pela inaugura&ccedil;&atilde;o da nova sede digital da TVB local, especialistas do setor de comunica&ccedil;&atilde;o afirmaram que a melhoria na obten&ccedil;&atilde;o de cr&eacute;dito facilitar&aacute; a ades&atilde;o da popula&ccedil;&atilde;o &agrave; TV Digital em 2009. Segundo noticiou o jornal DCI, uma das iniciativas propostas para o pr&oacute;ximo ano &hellip; <a href=\"https:\/\/obscom.intervozes.org.br\/?p=22228\" class=\"more-link\">Continue lendo <span class=\"screen-reader-text\">BNDES reserva R$ 1 bilh\u00e3o para TVs fazerem a transi\u00e7\u00e3o para o digital<\/span> <span class=\"meta-nav\">&rarr;<\/span><\/a><\/p>\n","protected":false},"author":1,"featured_media":0,"comment_status":"open","ping_status":"open","sticky":false,"template":"","format":"standard","meta":{"footnotes":""},"categories":[40],"tags":[159],"_links":{"self":[{"href":"https:\/\/obscom.intervozes.org.br\/index.php?rest_route=\/wp\/v2\/posts\/22228"}],"collection":[{"href":"https:\/\/obscom.intervozes.org.br\/index.php?rest_route=\/wp\/v2\/posts"}],"about":[{"href":"https:\/\/obscom.intervozes.org.br\/index.php?rest_route=\/wp\/v2\/types\/post"}],"author":[{"embeddable":true,"href":"https:\/\/obscom.intervozes.org.br\/index.php?rest_route=\/wp\/v2\/users\/1"}],"replies":[{"embeddable":true,"href":"https:\/\/obscom.intervozes.org.br\/index.php?rest_route=%2Fwp%2Fv2%2Fcomments&post=22228"}],"version-history":[{"count":0,"href":"https:\/\/obscom.intervozes.org.br\/index.php?rest_route=\/wp\/v2\/posts\/22228\/revisions"}],"wp:attachment":[{"href":"https:\/\/obscom.intervozes.org.br\/index.php?rest_route=%2Fwp%2Fv2%2Fmedia&parent=22228"}],"wp:term":[{"taxonomy":"category","embeddable":true,"href":"https:\/\/obscom.intervozes.org.br\/index.php?rest_route=%2Fwp%2Fv2%2Fcategories&post=22228"},{"taxonomy":"post_tag","embeddable":true,"href":"https:\/\/obscom.intervozes.org.br\/index.php?rest_route=%2Fwp%2Fv2%2Ftags&post=22228"}],"curies":[{"name":"wp","href":"https:\/\/api.w.org\/{rel}","templated":true}]}}