{"id":22227,"date":"2008-12-04T19:57:02","date_gmt":"2008-12-04T19:57:02","guid":{"rendered":"https:\/\/obscom.intervozes.org.br\/wordpress\/?p=22227"},"modified":"2008-12-04T19:57:02","modified_gmt":"2008-12-04T19:57:02","slug":"camara-aprova-projeto-para-expandir-transmissao-de-tvs-camara-justica-e-senado","status":"publish","type":"post","link":"https:\/\/obscom.intervozes.org.br\/?p=22227","title":{"rendered":"C\u00e2mara aprova projeto para expandir transmiss\u00e3o de TVs C\u00e2mara, Justi\u00e7a e Senado"},"content":{"rendered":"<p>   \t \t \t \t \t<!-- \t\t@page { margin: 2cm } \t\tP { margin-bottom: 0.21cm } \t--> \t   <\/p>\n<p style=\"margin-bottom: 0cm\" class=\"western\"><span class=\"padrao\">Nesta quinta-feira (4), a Comiss&atilde;o de Constitui&ccedil;&atilde;o e Justi&ccedil;a e de Cidadania (CCJ) da C&acirc;mara dos Deputados aprovou um projeto que prev&ecirc; a expans&atilde;o da transmiss&atilde;o das TVs C&acirc;mara, Senado e Justi&ccedil;a nos munic&iacute;pios brasileiros atrav&eacute;s de parcerias. <\/p>\n<p>De acordo com o texto, que ainda dever&aacute; ser aprovado pelo Senado, os sinais das TVs s&atilde;o fornecidos para retransmiss&atilde;o pelas prefeituras que os solicitarem. Elas seriam as respons&aacute;veis pelos custos e, com o aproveitamento da infra-estrutura de telecomunica&ccedil;&otilde;es j&aacute; existente nos munic&iacute;pios, a Uni&atilde;o n&atilde;o teria gastos. <\/p>\n<p>O objetivo da proposta &#8211; aprovada pelo deputado federal Leo Alc&acirc;ntara (PR-CE) &#8211; &eacute; aumentar o acesso da popula&ccedil;&atilde;o &agrave;s decis&otilde;es adotadas pelo Congresso Nacional e pelo Supremo Tribunal Federal (STF). Al&eacute;m disso, o substitutivo estabelece a obrigatoriedade de canais abertos para as TVs C&acirc;mara, Justi&ccedil;a e Senado no sistema de TV digital. <\/p>\n<p>De autoria do deputado federal Rubens Otoni (PT-GO), o texto original previa a transmiss&atilde;o obrigat&oacute;ria das TVs em canal aberto anal&oacute;gico. No entanto, a Comiss&atilde;o de Ci&ecirc;ncia e Tecnologia considerou a exig&ecirc;ncia imposs&iacute;vel de ser cumprida tecnicamente, j&aacute; que n&atilde;o existem canais abertos dispon&iacute;veis em grande parte das cidades, informou a &ldquo;Ag&ecirc;ncia C&acirc;mara&rdquo;.<\/span><\/p>\n","protected":false},"excerpt":{"rendered":"<p>Nesta quinta-feira (4), a Comiss&atilde;o de Constitui&ccedil;&atilde;o e Justi&ccedil;a e de Cidadania (CCJ) da C&acirc;mara dos Deputados aprovou um projeto que prev&ecirc; a expans&atilde;o da transmiss&atilde;o das TVs C&acirc;mara, Senado e Justi&ccedil;a nos munic&iacute;pios brasileiros atrav&eacute;s de parcerias. De acordo com o texto, que ainda dever&aacute; ser aprovado pelo Senado, os sinais das TVs s&atilde;o &hellip; <a href=\"https:\/\/obscom.intervozes.org.br\/?p=22227\" class=\"more-link\">Continue lendo <span class=\"screen-reader-text\">C\u00e2mara aprova projeto para expandir transmiss\u00e3o de TVs C\u00e2mara, Justi\u00e7a e Senado<\/span> <span class=\"meta-nav\">&rarr;<\/span><\/a><\/p>\n","protected":false},"author":1,"featured_media":0,"comment_status":"open","ping_status":"open","sticky":false,"template":"","format":"standard","meta":{"footnotes":""},"categories":[40],"tags":[929],"_links":{"self":[{"href":"https:\/\/obscom.intervozes.org.br\/index.php?rest_route=\/wp\/v2\/posts\/22227"}],"collection":[{"href":"https:\/\/obscom.intervozes.org.br\/index.php?rest_route=\/wp\/v2\/posts"}],"about":[{"href":"https:\/\/obscom.intervozes.org.br\/index.php?rest_route=\/wp\/v2\/types\/post"}],"author":[{"embeddable":true,"href":"https:\/\/obscom.intervozes.org.br\/index.php?rest_route=\/wp\/v2\/users\/1"}],"replies":[{"embeddable":true,"href":"https:\/\/obscom.intervozes.org.br\/index.php?rest_route=%2Fwp%2Fv2%2Fcomments&post=22227"}],"version-history":[{"count":0,"href":"https:\/\/obscom.intervozes.org.br\/index.php?rest_route=\/wp\/v2\/posts\/22227\/revisions"}],"wp:attachment":[{"href":"https:\/\/obscom.intervozes.org.br\/index.php?rest_route=%2Fwp%2Fv2%2Fmedia&parent=22227"}],"wp:term":[{"taxonomy":"category","embeddable":true,"href":"https:\/\/obscom.intervozes.org.br\/index.php?rest_route=%2Fwp%2Fv2%2Fcategories&post=22227"},{"taxonomy":"post_tag","embeddable":true,"href":"https:\/\/obscom.intervozes.org.br\/index.php?rest_route=%2Fwp%2Fv2%2Ftags&post=22227"}],"curies":[{"name":"wp","href":"https:\/\/api.w.org\/{rel}","templated":true}]}}