{"id":22225,"date":"2008-12-04T19:42:11","date_gmt":"2008-12-04T19:42:11","guid":{"rendered":"https:\/\/obscom.intervozes.org.br\/wordpress\/?p=22225"},"modified":"2008-12-04T19:42:11","modified_gmt":"2008-12-04T19:42:11","slug":"net-recebe-autorizacao-para-consolidar-aquisicao-de-26-empresas-de-tv-por-assinatura","status":"publish","type":"post","link":"https:\/\/obscom.intervozes.org.br\/?p=22225","title":{"rendered":"NET recebe autoriza\u00e7\u00e3o para consolidar aquisi\u00e7\u00e3o de 26 empresas de TV por assinatura"},"content":{"rendered":"<p>   \t \t \t \t \t<!-- \t\t@page { margin: 2cm } \t\tP { margin-bottom: 0.21cm } \t--><span class=\"padrao\">O Conselho Diretor da Ag&ecirc;ncia Nacional de Telecomunica&ccedil;&otilde;es (Anatel) aprovou nesta quinta-feira (4), o ato gen&eacute;rico que autoriza o in&iacute;cio da consolida&ccedil;&atilde;o do grupo Net Servi&ccedil;os com a incorpora&ccedil;&atilde;o definitiva das 26 empresas de TV por assinatura detentoras de 45 outorgas do servi&ccedil;o a cabo e MMDS. O objetivo &eacute; permitir que a companhia e as empresas adquiridas passem a ter o mesmo CNPJ. Para que seja confirmada a incorpora&ccedil;&atilde;o, a Net ter&aacute; que apresentar os atos de concentra&ccedil;&atilde;o em separado para cada uma das empresas.<\/p>\n<p>Das 26 empresas, 23 s&atilde;o de TV a cabo com 42 outorgas adquiridas. A outras tr&ecirc;s empresas operam via MMDS, ou microondas. A maior parte das outorgas se concentrada nas regi&otilde;es Sul, Sudeste e Centro-Oeste. Somente no estado de S&atilde;o Paulo, s&atilde;o 11 autoriza&ccedil;&otilde;es para o servi&ccedil;o a cabo.<\/p>\n<p>Em princ&iacute;pio, o Conselho Diretor da Anatel n&atilde;o apresentou nenhuma imposi&ccedil;&atilde;o &agrave; incorpora&ccedil;&atilde;o. &Agrave; medida que forem avaliados os atos de concentra&ccedil;&atilde;o de cada empresa, a ag&ecirc;ncia pode fazer condicionamentos &agrave; opera&ccedil;&atilde;o. Caso haja algum conflito, existe a possibilidade de ser exigida a ren&uacute;ncia de outorga.<\/span> <\/p>\n","protected":false},"excerpt":{"rendered":"<p>O Conselho Diretor da Ag&ecirc;ncia Nacional de Telecomunica&ccedil;&otilde;es (Anatel) aprovou nesta quinta-feira (4), o ato gen&eacute;rico que autoriza o in&iacute;cio da consolida&ccedil;&atilde;o do grupo Net Servi&ccedil;os com a incorpora&ccedil;&atilde;o definitiva das 26 empresas de TV por assinatura detentoras de 45 outorgas do servi&ccedil;o a cabo e MMDS. O objetivo &eacute; permitir que a companhia e &hellip; <a href=\"https:\/\/obscom.intervozes.org.br\/?p=22225\" class=\"more-link\">Continue lendo <span class=\"screen-reader-text\">NET recebe autoriza\u00e7\u00e3o para consolidar aquisi\u00e7\u00e3o de 26 empresas de TV por assinatura<\/span> <span class=\"meta-nav\">&rarr;<\/span><\/a><\/p>\n","protected":false},"author":1,"featured_media":0,"comment_status":"open","ping_status":"open","sticky":false,"template":"","format":"standard","meta":{"footnotes":""},"categories":[40],"tags":[816],"_links":{"self":[{"href":"https:\/\/obscom.intervozes.org.br\/index.php?rest_route=\/wp\/v2\/posts\/22225"}],"collection":[{"href":"https:\/\/obscom.intervozes.org.br\/index.php?rest_route=\/wp\/v2\/posts"}],"about":[{"href":"https:\/\/obscom.intervozes.org.br\/index.php?rest_route=\/wp\/v2\/types\/post"}],"author":[{"embeddable":true,"href":"https:\/\/obscom.intervozes.org.br\/index.php?rest_route=\/wp\/v2\/users\/1"}],"replies":[{"embeddable":true,"href":"https:\/\/obscom.intervozes.org.br\/index.php?rest_route=%2Fwp%2Fv2%2Fcomments&post=22225"}],"version-history":[{"count":0,"href":"https:\/\/obscom.intervozes.org.br\/index.php?rest_route=\/wp\/v2\/posts\/22225\/revisions"}],"wp:attachment":[{"href":"https:\/\/obscom.intervozes.org.br\/index.php?rest_route=%2Fwp%2Fv2%2Fmedia&parent=22225"}],"wp:term":[{"taxonomy":"category","embeddable":true,"href":"https:\/\/obscom.intervozes.org.br\/index.php?rest_route=%2Fwp%2Fv2%2Fcategories&post=22225"},{"taxonomy":"post_tag","embeddable":true,"href":"https:\/\/obscom.intervozes.org.br\/index.php?rest_route=%2Fwp%2Fv2%2Ftags&post=22225"}],"curies":[{"name":"wp","href":"https:\/\/api.w.org\/{rel}","templated":true}]}}