{"id":22221,"date":"2008-12-04T17:42:39","date_gmt":"2008-12-04T17:42:39","guid":{"rendered":"https:\/\/obscom.intervozes.org.br\/wordpress\/?p=22221"},"modified":"2014-09-07T02:57:44","modified_gmt":"2014-09-07T02:57:44","slug":"cctci-aprova-propostas-de-modernizacao-na-legislacao","status":"publish","type":"post","link":"https:\/\/obscom.intervozes.org.br\/?p=22221","title":{"rendered":"CCTCI aprova propostas de moderniza\u00e7\u00e3o na legisla\u00e7\u00e3o"},"content":{"rendered":"<p>   \t \t \t \t \t<!-- \t\t@page { margin: 2cm } \t\tP { margin-bottom: 0.21cm } \t--> \t   <\/p>\n<p style=\"margin-bottom: 0cm\" class=\"western padrao\">O que parecia pouco prov&aacute;vel aconteceu. O relat&oacute;rio da subcomiss&atilde;o destinada a analisar os procedimentos de outorga e renova&ccedil;&atilde;o dos servi&ccedil;os de radiodifus&atilde;o da Comiss&atilde;o de Ci&ecirc;ncia e Tecnologia, Comunica&ccedil;&atilde;o e Inform&aacute;tica (CCTCI) da C&acirc;mara dos Deputados foi aprovado nesta quarta-feira (3) pelo plen&aacute;rio na Comiss&atilde;o. O documento cont&eacute;m propostas avan&ccedil;adas de democratiza&ccedil;&atilde;o e garantia de maior transpar&ecirc;ncia nos processos de concess&otilde;es de r&aacute;dio e TV, que vinham sendo alvo de intensas resist&ecirc;ncias por parte dos empres&aacute;rios de radiodifus&atilde;o e dos parlamentares ligados a este setor.<\/p>\n<p>O texto, elaborado pela deputada Maria do Carmo Lara (PT-MG), traz altera&ccedil;&otilde;es concretas nos procedimentos de an&aacute;lise das outorgas, sugere mecanismos e iniciativas com vistas &agrave; melhoria das a&ccedil;&otilde;es de fiscaliza&ccedil;&atilde;o e recomenda mudan&ccedil;as legislativas em v&aacute;rio instrumentos que regulam a radiodifus&atilde;o, sugerindo inclusive que sejam revistos dispositivos constitucionais.  <\/p>\n<p style=\"margin-bottom: 0cm\" class=\"western padrao\">O conjunto de iniciativas, altera&ccedil;&otilde;es e medidas citadas no relat&oacute;rio reflete demandas de diversos setores da sociedade civil organizada, cuja penetra&ccedil;&atilde;o nas esferas de poder na &aacute;rea das comunica&ccedil;&otilde;es tem sido, at&eacute; hoje, muito pequena. V&aacute;rias delas s&atilde;o bandeiras da Campanha Nacional por Democracia e Transpar&ecirc;ncia nas Concess&otilde;es de R&aacute;dio e TV, iniciativa que re&uacute;ne diversos movimentos e entidades da &aacute;rea. <a href=\"http:\/\/localhost\/intervozes_direitoacomunicacao\/wordpress\/?p=22191\">[Veja tamb&eacute;m: &quot;Entidades denunciam Estado e emissoras por irregularidades&quot;]<\/a> <\/p>\n<p>Agora, passada a dif&iacute;cil tarefa de aprova&ccedil;&atilde;o do relat&oacute;rio, coloca-se o ainda mais herc&uacute;leo trabalho de levar &agrave; cabo suas recomenda&ccedil;&otilde;es. &ldquo;Foi muito importante a aprova&ccedil;&atilde;o do relat&oacute;rio, mas ele s&oacute; vai produzir efeitos a partir do encaminhamento concreto das suas recomenda&ccedil;&otilde;es&rdquo;, refor&ccedil;a a presidente da subcomiss&atilde;o, deputado Luiza Erundina (PSB-SP). Passo importante nesta dire&ccedil;&atilde;o foi dado pela pr&oacute;pria CCTCI, que aprovou tamb&eacute;m a manuten&ccedil;&atilde;o da subcomiss&atilde;o exatamente para que esta monitore a aplica&ccedil;&atilde;o das medidas contidas no relat&oacute;rio aprovado.<strong><\/p>\n<p>Resist&ecirc;ncias e pol&ecirc;micas<\/strong><\/p>\n<p>Quando isso ocorrer, no entanto, as resist&ecirc;ncias devem ficar mais expl&iacute;citas. Espera-se, por exemplo, que as sugest&otilde;es de revis&atilde;o de alguns artigos constitucionais suscitem disputas acirradas entre os defensores de mudan&ccedil;as nos marcos regulat&oacute;rios e os interesse particulares estabelecidos no setor.<\/p>\n<p>No topo da lista das potenciais pol&ecirc;micas est&aacute; a sugest&atilde;o de que os parlamentares aprovem uma Proposta de Emenda Constitucional que &quot;expressamente pro&iacute;ba que parlamentares sejam propriet&aacute;rios, controladores, diretores ou gerentes de empresa de radiodifus&atilde;o sonora e de sons e imagens&quot;, veda&ccedil;&atilde;o tamb&eacute;m estendida a qualquer ocupante de cargo p&uacute;blico. A relatora justifica a medida afirmando ser a propriedade e dire&ccedil;&atilde;o de emissoras por parlamentares incompat&iacute;veis &quot;com a natureza do cargo pol&iacute;tico e o controle sobre concess&otilde;es p&uacute;blicas, haja vista o not&oacute;rio conflito de interesses&quot;.<\/p>\n<p><strong>Privil&eacute;gios contestados<\/strong><\/p>\n<p>Outras PECs sugeridas pelo relat&oacute;rio e que tamb&eacute;m mexem em pontos considerados fulcrais pelos radiodifusores s&atilde;o a revoga&ccedil;&atilde;o dos par&aacute;grafos 2o e 4o do Artigo 223 da Carta Magna. O primeiro estabelece que a n&atilde;o renova&ccedil;&atilde;o de uma outorga de r&aacute;dio ou TV ocorra somente com 2\/5 dos congressistas negando a nova autoriza&ccedil;&atilde;o em vota&ccedil;&atilde;o nominal. Esta previs&atilde;o cria uma exig&ecirc;ncia que, na pr&aacute;tica, assegura uma blindagem &agrave; possibilidade dos parlamentares vetarem a renova&ccedil;&atilde;o de uma outorga. &quot;Considerando que nem mesmo as leis ordin&aacute;rias demandam quorum qualificado e vota&ccedil;&atilde;o nominal para aprova&ccedil;&atilde;o, n&atilde;o h&aacute; como justificar a preserva&ccedil;&atilde;o desse privil&eacute;gio, que, ressalte-se, &eacute; garantido somente &agrave;s concession&aacute;rias e permission&aacute;rias de r&aacute;dio e televis&atilde;o&quot;, argumenta a relatora.<\/p>\n<p>J&aacute; o artigo 4o estipula que apenas o Poder Judici&aacute;rio tem a prerrogativa de cancelar uma outorga de r&aacute;dio e TV. Ao restringir a possibilidade de cassa&ccedil;&atilde;o das licen&ccedil;as, tal exig&ecirc;ncia d&aacute; estabilidade aos concession&aacute;rios e cria certo clima de impunidade. A relatora recomenda a retirada deste dispositivo do cap&iacute;tulo Da Comunica&ccedil;&atilde;o Social da Constitui&ccedil;&atilde;o Federal, por identificar nele um privil&eacute;gio injustific&aacute;vel, n&atilde;o existente no caso de nenhum outro servi&ccedil;o p&uacute;blico.<\/p>\n<p>O documento tamb&eacute;m discute a regulamenta&ccedil;&atilde;o do artigo constitucional que pro&iacute;be a pr&aacute;tica de monop&oacute;lio e oligop&oacute;lio. Segundo o relat&oacute;rio, a legisla&ccedil;&atilde;o atual &eacute; insuficiente porque estabelece limites apenas em rela&ccedil;&atilde;o ao n&uacute;mero de emissoras que uma mesma pessoa f&iacute;sica ou jur&iacute;dica pode controlar. Maria do Carmo Lara defende a aprova&ccedil;&atilde;o do Projeto de Lei 4.026\/2004, do deputado Cl&aacute;udio Magr&atilde;o, que institui o crit&eacute;rio do limite m&aacute;ximo de 50% de audi&ecirc;ncia para a caracteriza&ccedil;&atilde;o de monop&oacute;lio ou oligop&oacute;lio.<\/p>\n<p><strong>Crit&eacute;rios de an&aacute;lise<\/strong> <\/p>\n<p>Al&eacute;m das revis&otilde;es e regulamenta&ccedil;&otilde;es constitucionais, o relat&oacute;rio da subcomiss&atilde;o prop&otilde;e tamb&eacute;m um Projeto de Lei para modificar os crit&eacute;rios utilizados na an&aacute;lise de outorgas e renova&ccedil;&otilde;es. <\/p>\n<p>Nas licita&ccedil;&otilde;es para concess&otilde;es de finalidade comercial, seria dado mais peso &agrave;s propostas sobre &quot;programas jornal&iacute;sticos, educativos e informativos&rdquo; e sobre &ldquo;servi&ccedil;o noticioso&quot;. Seriam exigidos, tamb&eacute;m, &quot;percentuais m&iacute;nimos de regionaliza&ccedil;&atilde;o da produ&ccedil;&atilde;o cultural, art&iacute;stica e jornal&iacute;stica e de produ&ccedil;&atilde;o independente a serem cumpridos pela emissora vencedora&quot;. A valoriza&ccedil;&atilde;o dos aspectos de programa&ccedil;&atilde;o na defini&ccedil;&atilde;o das concorr&ecirc;ncias por um canal implicaria em uma redu&ccedil;&atilde;o da import&acirc;ncia dos crit&eacute;rios t&eacute;cnicos e de pre&ccedil;o, quesitos que refor&ccedil;am a predomin&acirc;ncia do elemento econ&ocirc;mico na escolha dos concession&aacute;rios nas licita&ccedil;&otilde;es. <a href=\"http:\/\/localhost\/intervozes_direitoacomunicacao\/wordpress\/?p=21787\">[Veja tamb&eacute;m: &quot;Poder econ&ocirc;mico determina quem ganha licita&ccedil;&otilde;es de canais&quot;]<\/a> <\/p>\n<p>Em rela&ccedil;&atilde;o &agrave;s permiss&otilde;es para r&aacute;dios e TVs educativas, o PL prev&ecirc; que este servi&ccedil;o seja explorado por &oacute;rg&atilde;os da Uni&atilde;o Federal, Estados, Distrito Federal, Munic&iacute;pios e universidades brasileiras. Apenas onde n&atilde;o houver o interesse destes entes, seria permitida a outorga de uma autoriza&ccedil;&atilde;o a funda&ccedil;&otilde;es privadas, &quot;desde que seja demonstrada vincula&ccedil;&atilde;o da entidade com institui&ccedil;&atilde;o de ensino&quot;. <a href=\"http:\/\/localhost\/intervozes_direitoacomunicacao\/wordpress\/?p=21809\">[Veja tamb&eacute;m: &quot;Decis&atilde;o da Justi&ccedil;a questiona falta de licita&ccedil;&atilde;o para outorgas&quot;]<\/a> <\/p>\n<p>O projeto tamb&eacute;m visa ampliar a participa&ccedil;&atilde;o da sociedade neste momento inicial na escolha dos operadores de canais de r&aacute;dio e TV. Para isso, prev&ecirc; a realiza&ccedil;&atilde;o de consulta p&uacute;blica antes da abertura do processo de licita&ccedil;&atilde;o para colher as expectativas da popula&ccedil;&atilde;o.<\/p>\n<p><strong>Mudan&ccedil;as imediatas<\/strong><\/p>\n<p>O relat&oacute;rio tamb&eacute;m apresenta medidas de car&aacute;ter imediato para o aperfei&ccedil;oamento dos procedimentos adotados pelo Minist&eacute;rio das Comunica&ccedil;&otilde;es na an&aacute;lise das outorgas de radiodifus&atilde;o. Ele refor&ccedil;a as sugest&otilde;es j&aacute; constantes em sua vers&atilde;o parcial, aprovada em julho de 2007, como a publiciza&ccedil;&atilde;o dos dados sobre os processos e a fixa&ccedil;&atilde;o de prazos uniformes e razo&aacute;veis para cumprimento das exig&ecirc;ncias pelas emissoras. <\/p>\n<p>O texto aprovado agora tamb&eacute;m ressalta a obriga&ccedil;&atilde;o das concession&aacute;rias manterem a regularidade fiscal durante todo o per&iacute;odo da outorga e a necessidade de se agilizar a tramita&ccedil;&atilde;o dos processos, com a redu&ccedil;&atilde;o da burocracia e a reabertura das delegacias regionais do Minist&eacute;rio das Comunica&ccedil;&otilde;es. Por fim, como na sua vers&atilde;o anterior, o relat&oacute;rio prev&ecirc; a cria&ccedil;&atilde;o de mecanismos de controle social para avaliar periodicamente o cumprimento dos preceitos constitucionais e exig&ecirc;ncias legais referentes &agrave; explora&ccedil;&atilde;o destes servi&ccedil;os.<\/p>\n<p>Em sua vers&atilde;o final, o relat&oacute;rio aprofunda duas indica&ccedil;&otilde;es ao Minicom. A primeira delas visa melhorar o controle e a fiscaliza&ccedil;&atilde;o da sociedade sobre os procedimentos. Para isso, deveria ser criada uma &quot;estrutura administrativa descentralizada respons&aacute;vel pelo acompanhamento permanente da presta&ccedil;&atilde;o dos servi&ccedil;os de radiodifus&atilde;o, com a participa&ccedil;&atilde;o n&atilde;o somente de servidores do Minist&eacute;rio das Comunica&ccedil;&otilde;es, mas tamb&eacute;m de entidades representativas da sociedade civil e das comunidades locais&quot;. <\/p>\n<p>Al&eacute;m deste mecanismo, o texto recomenda &quot;o estabelecimento de um canal multim&iacute;dia no Poder Executivo para que o cidad&atilde;o possa encaminhar den&uacute;ncias de irregularidades na presta&ccedil;&atilde;o dos servi&ccedil;os de r&aacute;dio e televis&atilde;o e apresentar sugest&otilde;es para aperfei&ccedil;oamento da regulamenta&ccedil;&atilde;o, procedimentos e atividades pertinentes &agrave; radiodifus&atilde;o comercial e comunit&aacute;ria&quot;.<\/p>\n<p style=\"margin-bottom: 0cm\" class=\"western padrao\">As medidas elencadas no documento n&atilde;o se limitam apenas a mudan&ccedil;as no sistema, mas em uma avalia&ccedil;&atilde;o densa sobre como este funciona hoje. Para isso, a relatora sugere uma auditoria operacional no Minist&eacute;rio das Comunica&ccedil;&otilde;es, na Presid&ecirc;ncia da Rep&uacute;blica e na Ag&ecirc;ncia Nacional de Telecomunica&ccedil;&otilde;es (Anatel) sobre os procedimentos de an&aacute;lise de outorgas e renova&ccedil;&otilde;es de concess&otilde;es, permiss&otilde;es e autoriza&ccedil;&otilde;es. <\/p>\n<p>A iniciativa tem como objetivo verificar o cumprimento dos dispositivos legais e constitucionais, bem como as san&ccedil;&otilde;es decorrentes do seu desrespeito; avaliar a transpar&ecirc;ncia, impessoalidade e efici&ecirc;ncia do tr&acirc;mite dos processos e analisar os procedimentos de verifica&ccedil;&atilde;o de den&uacute;ncias.  Esta auditoria seria feita de forma conjunta com o Tribunal de Contas da Uni&atilde;o.<\/p>\n<p><span class=\"padrao\"><strong>*********************************************<\/strong><\/p>\n<p><u><strong>VEJA TAMB&Eacute;M:<\/strong><\/u><\/p>\n<p>&#8211; <a href=\"http:\/\/localhost\/intervozes_direitoacomunicacao\/wordpress\/?p=22191\">Entidades denunciam Estado e emissoras por irregularidades em concess&otilde;es de TV<\/a><br \/><a href=\"http:\/\/localhost\/intervozes_direitoacomunicacao\/wordpress\/?p=22284\">&#8211; Dossi&ecirc; re&uacute;ne den&uacute;ncias sobre viola&ccedil;&otilde;es de direitos humanos na TV<\/a><br \/><a href=\"http:\/\/localhost\/intervozes_direitoacomunicacao\/wordpress\/?p=22290\">&#8211; Arrendamento de tempo de programa&ccedil;&atilde;o evidencia uso indevido de outorgas de TV<\/a><br \/><a href=\"http:\/\/localhost\/intervozes_direitoacomunicacao\/wordpress\/?p=22310\">&#8211; Deputados querem novas cl&aacute;usulas em contratos de outorga de r&aacute;dio e TV<\/a><\/span><\/p>\n","protected":false},"excerpt":{"rendered":"<p>Texto preparado por subcomiss\u00e3o de radiodifus\u00e3o da CCTCI defende medidas que, postas em pr\u00e1tica, mudam radicalmente o cen\u00e1rio de caos regulat\u00f3rio e falta de fiscaliza\u00e7\u00e3o do setor<\/p>\n","protected":false},"author":1,"featured_media":0,"comment_status":"open","ping_status":"open","sticky":false,"template":"","format":"standard","meta":{"footnotes":""},"categories":[40],"tags":[106],"_links":{"self":[{"href":"https:\/\/obscom.intervozes.org.br\/index.php?rest_route=\/wp\/v2\/posts\/22221"}],"collection":[{"href":"https:\/\/obscom.intervozes.org.br\/index.php?rest_route=\/wp\/v2\/posts"}],"about":[{"href":"https:\/\/obscom.intervozes.org.br\/index.php?rest_route=\/wp\/v2\/types\/post"}],"author":[{"embeddable":true,"href":"https:\/\/obscom.intervozes.org.br\/index.php?rest_route=\/wp\/v2\/users\/1"}],"replies":[{"embeddable":true,"href":"https:\/\/obscom.intervozes.org.br\/index.php?rest_route=%2Fwp%2Fv2%2Fcomments&post=22221"}],"version-history":[{"count":6,"href":"https:\/\/obscom.intervozes.org.br\/index.php?rest_route=\/wp\/v2\/posts\/22221\/revisions"}],"predecessor-version":[{"id":27977,"href":"https:\/\/obscom.intervozes.org.br\/index.php?rest_route=\/wp\/v2\/posts\/22221\/revisions\/27977"}],"wp:attachment":[{"href":"https:\/\/obscom.intervozes.org.br\/index.php?rest_route=%2Fwp%2Fv2%2Fmedia&parent=22221"}],"wp:term":[{"taxonomy":"category","embeddable":true,"href":"https:\/\/obscom.intervozes.org.br\/index.php?rest_route=%2Fwp%2Fv2%2Fcategories&post=22221"},{"taxonomy":"post_tag","embeddable":true,"href":"https:\/\/obscom.intervozes.org.br\/index.php?rest_route=%2Fwp%2Fv2%2Ftags&post=22221"}],"curies":[{"name":"wp","href":"https:\/\/api.w.org\/{rel}","templated":true}]}}