{"id":22175,"date":"2008-11-25T17:36:44","date_gmt":"2008-11-25T17:36:44","guid":{"rendered":"https:\/\/obscom.intervozes.org.br\/wordpress\/?p=22175"},"modified":"2008-11-25T17:36:44","modified_gmt":"2008-11-25T17:36:44","slug":"audiencia-publica-avalia-renovacao-de-concessoes-de-redes-nacionais","status":"publish","type":"post","link":"https:\/\/obscom.intervozes.org.br\/?p=22175","title":{"rendered":"Audi\u00eancia p\u00fablica avalia renova\u00e7\u00e3o de concess\u00f5es de redes nacionais"},"content":{"rendered":"<p>   \t \t \t \t \t<!-- \t\t@page { margin: 2cm } \t\tP { margin-bottom: 0.21cm } \t--> \t  <\/p>\n<p style=\"margin-bottom: 0cm\" class=\"western padrao\">A Comiss&atilde;o de Ci&ecirc;ncia, Tecnologia, Comunica&ccedil;&atilde;o e Inform&aacute;tica (CCTCI) da C&acirc;mara dos Deputados realiza na quinta-feira (27) audi&ecirc;ncia p&uacute;blica para debater as renova&ccedil;&otilde;es de concess&otilde;es de r&aacute;dio e TV, sobretudo as outorgas das cabe&ccedil;as-de-rede da Globo, Record e Bandeirantes, vencidas em 5 de outubro de 2007 em diferentes cidades do pa&iacute;s. O evento ocorre por iniciativa de um conjunto de entidades da sociedade civil ligadas &agrave; Campanha por Democracia e Transpar&ecirc;ncia nas Concess&otilde;es de R&aacute;dio e TV que, em of&iacute;cio dirigido &agrave; CCTCI, solicitaram a realiza&ccedil;&atilde;o da audi&ecirc;ncia. <\/p>\n<p>O requerimento foi sustentado e apresentado &agrave; comiss&atilde;o pelos deputados Luiza Erundina (PSB-SP) e Walter Pinheiro (PT-BA) e aprovado em agosto. O objetivo da audi&ecirc;ncia &eacute; avaliar o servi&ccedil;o prestado ao longo dos &uacute;ltimos 15 anos pelas emissoras de car&aacute;ter nacional cujos processos encontram-se na CCTCI, aguardando a renova&ccedil;&atilde;o. A reuni&atilde;o tamb&eacute;m deve propor novas regras e compromissos para o pr&oacute;ximo per&iacute;odo de explora&ccedil;&atilde;o da radiodifus&atilde;o por essas empresas.<\/p>\n<p>Embora convidado nominalmente, o ministro das Comunica&ccedil;&otilde;es H&eacute;lio Costa n&atilde;o comparecer&aacute; ao evento. Outro representante do minist&eacute;rio participar&aacute; do debate. Entre os demais convidados ligados aos &oacute;rg&atilde;os reguladores e de fiscaliza&ccedil;&atilde;o do setor, confirmaram presen&ccedil;a o Tribunal de Contas da Uni&atilde;o atrav&eacute;s de um representante, enquanto a Ag&ecirc;ncia Nacional de Telecomunica&ccedil;&otilde;es (Anatel) alegou incompet&ecirc;ncia em rela&ccedil;&atilde;o ao tema e n&atilde;o estar&aacute; presente.<\/p>\n<p>Carlos Geraldo Santana de Oliveira, representando a Associa&ccedil;&atilde;o Brasileira de Radiodifus&atilde;o, Tecnologia e Telecomunica&ccedil;&otilde;es (Abratel) &eacute; o &uacute;nico nome confirmado pelas entidades empresariais. Tanto a Associa&ccedil;&atilde;o Brasileira de Emissoras de R&aacute;dio e TV (Abert) quanto a Associa&ccedil;&atilde;o Brasileira de Radiodifusores (Abra) confirmaram presen&ccedil;a, mas ainda n&atilde;o definiram seus representantes.<\/p>\n<p>A representa&ccedil;&atilde;o da sociedade civil ser&aacute; feita por Jonas Valente, do Intervozes &ndash; Coletivo Brasil de Comunica&ccedil;&atilde;o Social, Murilo C&eacute;sar Ramos, coordenador do Laborat&oacute;rio de Pol&iacute;ticas de Comunica&ccedil;&atilde;o (LapCom) da UnB e Celso Schr&ouml;der, representando o F&oacute;rum Nacional pela Democratiza&ccedil;&atilde;o da Comunica&ccedil;&atilde;o (FNDC).<\/p>\n<p>Para Jo&atilde;o Brant, coordenador do Intervozes, a realiza&ccedil;&atilde;o da audi&ecirc;ncia deve ser comemorada, ainda que o processo de controle p&uacute;blico das concess&otilde;es de r&aacute;dio e TV no Brasil ainda seja muito prec&aacute;rio e viciado. &ldquo;&Eacute; surreal que n&oacute;s tenhamos que comemorar a realiza&ccedil;&atilde;o de uma audi&ecirc;ncia p&uacute;blica que vai discutir, pela primeira vez depois de 15 anos de vig&ecirc;ncia da outorga, a renova&ccedil;&atilde;o de tr&ecirc;s das quatro principais emissoras do pa&iacute;s. Mas essa &eacute; realidade do Brasil&rdquo;, afirmou. &ldquo;Esperamos que esse momento inaugure uma nova forma de se lidar com esse processo, com um envolvimento efetivo e permanente da sociedade nesse acompanhamento.&rdquo;<\/p>\n","protected":false},"excerpt":{"rendered":"<p>Processos em andamento das outorgas da Globo, Band e Record &#8211; vencidas em outubro de 2007 &#8211; est\u00e3o na pauta da audi\u00eancia desta quinta-feira (27), que tamb\u00e9m focar\u00e1 o marco legal da radiodifus\u00e3o<\/p>\n","protected":false},"author":1,"featured_media":0,"comment_status":"open","ping_status":"open","sticky":false,"template":"","format":"standard","meta":{"footnotes":""},"categories":[40],"tags":[322],"_links":{"self":[{"href":"https:\/\/obscom.intervozes.org.br\/index.php?rest_route=\/wp\/v2\/posts\/22175"}],"collection":[{"href":"https:\/\/obscom.intervozes.org.br\/index.php?rest_route=\/wp\/v2\/posts"}],"about":[{"href":"https:\/\/obscom.intervozes.org.br\/index.php?rest_route=\/wp\/v2\/types\/post"}],"author":[{"embeddable":true,"href":"https:\/\/obscom.intervozes.org.br\/index.php?rest_route=\/wp\/v2\/users\/1"}],"replies":[{"embeddable":true,"href":"https:\/\/obscom.intervozes.org.br\/index.php?rest_route=%2Fwp%2Fv2%2Fcomments&post=22175"}],"version-history":[{"count":0,"href":"https:\/\/obscom.intervozes.org.br\/index.php?rest_route=\/wp\/v2\/posts\/22175\/revisions"}],"wp:attachment":[{"href":"https:\/\/obscom.intervozes.org.br\/index.php?rest_route=%2Fwp%2Fv2%2Fmedia&parent=22175"}],"wp:term":[{"taxonomy":"category","embeddable":true,"href":"https:\/\/obscom.intervozes.org.br\/index.php?rest_route=%2Fwp%2Fv2%2Fcategories&post=22175"},{"taxonomy":"post_tag","embeddable":true,"href":"https:\/\/obscom.intervozes.org.br\/index.php?rest_route=%2Fwp%2Fv2%2Ftags&post=22175"}],"curies":[{"name":"wp","href":"https:\/\/api.w.org\/{rel}","templated":true}]}}