{"id":22171,"date":"2008-11-25T16:35:17","date_gmt":"2008-11-25T16:35:17","guid":{"rendered":"https:\/\/obscom.intervozes.org.br\/wordpress\/?p=22171"},"modified":"2008-11-25T16:35:17","modified_gmt":"2008-11-25T16:35:17","slug":"concessionarias-terao-que-instalar-telefones-em-areas-rurais","status":"publish","type":"post","link":"https:\/\/obscom.intervozes.org.br\/?p=22171","title":{"rendered":"Concession\u00e1rias ter\u00e3o que instalar telefones em \u00e1reas rurais"},"content":{"rendered":"<p>   \t \t \t \t \t<!-- \t\t@page { margin: 2cm } \t\tP { margin-bottom: 0.21cm } \t--> \t   <\/p>\n<p style=\"margin-bottom: 0cm\" class=\"western padrao\">Na revis&atilde;o dos contratos de concess&atilde;o, cujos novos condicionates come&ccedil;ar&atilde;o a valer a partir de janeiro de 2011, ser&atilde;o previstas metas para o atendimento &agrave;s &aacute;reas rurais brasileiras, anunciou hoje o superintendente de Servi&ccedil;os P&uacute;blicos da Ag&ecirc;ncia Nacional de Telecomunica&ccedil;&otilde;es (Anatel), Gilberto Alves, durante o 16&ordm; Encontro Tele.S&iacute;ntese, promovido pela Momento Editorial.<\/p>\n<p>Segundo Alves, a proposta da ag&ecirc;ncia &eacute; a de estabelecer metas de atendimento para os cinco anos subseq&uuml;entes &agrave; renova&ccedil;&atilde;o dos contratos para a instala&ccedil;&atilde;o de servi&ccedil;os de voz nas &aacute;reas que est&atilde;o a mais de 300 metros das atuais &aacute;reas de tarifa&ccedil;&atilde;o b&aacute;sica da telefonia fixa.<\/p>\n<p>Segundo ele, para financiar o custo desta expans&atilde;o, a ag&ecirc;ncia ir&aacute; criar uma tarifa diferenciada &ndash; mais alta &ndash; para o usu&aacute;rio que fizer a liga&ccedil;&atilde;o para esses telefones, al&eacute;m de permitir o uso das plataformas m&oacute;veis nesse tipo de telefone, que ter&aacute; um n&uacute;mero pr&oacute;prio.<\/p>\n<p>Ele salientou que os novos contratos ir&atilde;o prever tamb&eacute;m a moderniza&ccedil;&atilde;o do servi&ccedil;o e que as mudan&ccedil;as ir&atilde;o manter o equil&iacute;brio econ&ocirc;mico-financeiro dos contratos. Al&eacute;m disso, ressaltou, dever&atilde;o ser criados novos condicionantes para o Plano Geral de Metas de Qualidade (PGMQ).<\/p>\n","protected":false},"excerpt":{"rendered":"<p>Na revis&atilde;o dos contratos de concess&atilde;o, cujos novos condicionates come&ccedil;ar&atilde;o a valer a partir de janeiro de 2011, ser&atilde;o previstas metas para o atendimento &agrave;s &aacute;reas rurais brasileiras, anunciou hoje o superintendente de Servi&ccedil;os P&uacute;blicos da Ag&ecirc;ncia Nacional de Telecomunica&ccedil;&otilde;es (Anatel), Gilberto Alves, durante o 16&ordm; Encontro Tele.S&iacute;ntese, promovido pela Momento Editorial. Segundo Alves, a &hellip; <a href=\"https:\/\/obscom.intervozes.org.br\/?p=22171\" class=\"more-link\">Continue lendo <span class=\"screen-reader-text\">Concession\u00e1rias ter\u00e3o que instalar telefones em \u00e1reas rurais<\/span> <span class=\"meta-nav\">&rarr;<\/span><\/a><\/p>\n","protected":false},"author":1,"featured_media":0,"comment_status":"open","ping_status":"open","sticky":false,"template":"","format":"standard","meta":{"footnotes":""},"categories":[40],"tags":[645],"_links":{"self":[{"href":"https:\/\/obscom.intervozes.org.br\/index.php?rest_route=\/wp\/v2\/posts\/22171"}],"collection":[{"href":"https:\/\/obscom.intervozes.org.br\/index.php?rest_route=\/wp\/v2\/posts"}],"about":[{"href":"https:\/\/obscom.intervozes.org.br\/index.php?rest_route=\/wp\/v2\/types\/post"}],"author":[{"embeddable":true,"href":"https:\/\/obscom.intervozes.org.br\/index.php?rest_route=\/wp\/v2\/users\/1"}],"replies":[{"embeddable":true,"href":"https:\/\/obscom.intervozes.org.br\/index.php?rest_route=%2Fwp%2Fv2%2Fcomments&post=22171"}],"version-history":[{"count":0,"href":"https:\/\/obscom.intervozes.org.br\/index.php?rest_route=\/wp\/v2\/posts\/22171\/revisions"}],"wp:attachment":[{"href":"https:\/\/obscom.intervozes.org.br\/index.php?rest_route=%2Fwp%2Fv2%2Fmedia&parent=22171"}],"wp:term":[{"taxonomy":"category","embeddable":true,"href":"https:\/\/obscom.intervozes.org.br\/index.php?rest_route=%2Fwp%2Fv2%2Fcategories&post=22171"},{"taxonomy":"post_tag","embeddable":true,"href":"https:\/\/obscom.intervozes.org.br\/index.php?rest_route=%2Fwp%2Fv2%2Ftags&post=22171"}],"curies":[{"name":"wp","href":"https:\/\/api.w.org\/{rel}","templated":true}]}}