{"id":22170,"date":"2008-11-25T16:29:24","date_gmt":"2008-11-25T16:29:24","guid":{"rendered":"https:\/\/obscom.intervozes.org.br\/wordpress\/?p=22170"},"modified":"2008-11-25T16:29:24","modified_gmt":"2008-11-25T16:29:24","slug":"nova-diretoria-do-forum-sbtvd-e-eleita-presidente-e-diretor-da-band","status":"publish","type":"post","link":"https:\/\/obscom.intervozes.org.br\/?p=22170","title":{"rendered":"Nova diretoria do F\u00f3rum SBTVD \u00e9 eleita; presidente \u00e9 diretor da Band"},"content":{"rendered":"<p>   \t \t \t \t \t<!-- \t\t@page { margin: 2cm } \t\tP { margin-bottom: 0.21cm } \t--> \t  <\/p>\n<p style=\"margin-bottom: 0cm\" class=\"western padrao\"><u><strong>Reproduzido do Converg&ecirc;ncia Digital<\/strong><\/u><\/p>\n<p>Hoje, com a elei&ccedil;&atilde;o da nova presid&ecirc;ncia, o F&oacute;rum Brasileiro de TV Digital d&aacute; por encerrada a escolha de sua nova representa&ccedil;&atilde;o para o bi&ecirc;nio 2009\/2010. O novo presidente ser&aacute; Frederico Nogueira, vice-presidente do Grupo Bandeirantes. Na vice-presid&ecirc;ncia, Roberto Barbieri, da Semp-Toshiba. Nogueira &eacute; tamb&eacute;m vice-presidente da Associa&ccedil;&atilde;o Brasileira dos Radiodifusores (Abra) e presidente da Associa&ccedil;&atilde;o Brasileira de Televis&otilde;es em UHF.<\/p>\n<p>A grande mudan&ccedil;a no conselho deliberativo est&aacute; na sa&iacute;da de Moris Arditti, vice-presidente de novos neg&oacute;cios da Gradiente. Moris era o atual vice-presidente. Com isso, a ind&uacute;stria de receptores deixa de ter um representante genuinamente nacional no conselho deliberativo da entidade. <\/p>\n<p>Roberto Franco, do SBT, atual presidente, permanecer&aacute; no conselho, composto por 14 participantes das ind&uacute;strias de transmiss&atilde;o, recep&ccedil;&atilde;o, software e radiodifus&atilde;o, al&eacute;m de sete representantes do governo. <\/p>\n<p>A nova composi&ccedil;&atilde;o &eacute; a seguinte: Almir Ferreira da Silva (Telavo); Carlos Fructuoso (Linear), Carlos Goya (Sony); David Britto (Quality Software); Dilson Suplicy Funaro(LG), Fernando Bittencourt (TV Globo), Frederico Nogueira (TV Bandeirantes); Guido Lemos (UFBP); Jos&eacute; Marcelo do Amaral (Rede Record); Marcelo Kn&ouml;rich Zuffo (USP), Roberto Franco (SBT); Roberto Barbieri (SempToshiba); e Walter Duran (Philips). Os representantes do governo foram todos mantidos.<\/p>\n","protected":false},"excerpt":{"rendered":"<p>Reproduzido do Converg&ecirc;ncia Digital Hoje, com a elei&ccedil;&atilde;o da nova presid&ecirc;ncia, o F&oacute;rum Brasileiro de TV Digital d&aacute; por encerrada a escolha de sua nova representa&ccedil;&atilde;o para o bi&ecirc;nio 2009\/2010. O novo presidente ser&aacute; Frederico Nogueira, vice-presidente do Grupo Bandeirantes. Na vice-presid&ecirc;ncia, Roberto Barbieri, da Semp-Toshiba. Nogueira &eacute; tamb&eacute;m vice-presidente da Associa&ccedil;&atilde;o Brasileira dos Radiodifusores &hellip; <a href=\"https:\/\/obscom.intervozes.org.br\/?p=22170\" class=\"more-link\">Continue lendo <span class=\"screen-reader-text\">Nova diretoria do F\u00f3rum SBTVD \u00e9 eleita; presidente \u00e9 diretor da Band<\/span> <span class=\"meta-nav\">&rarr;<\/span><\/a><\/p>\n","protected":false},"author":1,"featured_media":0,"comment_status":"open","ping_status":"open","sticky":false,"template":"","format":"standard","meta":{"footnotes":""},"categories":[39],"tags":[],"_links":{"self":[{"href":"https:\/\/obscom.intervozes.org.br\/index.php?rest_route=\/wp\/v2\/posts\/22170"}],"collection":[{"href":"https:\/\/obscom.intervozes.org.br\/index.php?rest_route=\/wp\/v2\/posts"}],"about":[{"href":"https:\/\/obscom.intervozes.org.br\/index.php?rest_route=\/wp\/v2\/types\/post"}],"author":[{"embeddable":true,"href":"https:\/\/obscom.intervozes.org.br\/index.php?rest_route=\/wp\/v2\/users\/1"}],"replies":[{"embeddable":true,"href":"https:\/\/obscom.intervozes.org.br\/index.php?rest_route=%2Fwp%2Fv2%2Fcomments&post=22170"}],"version-history":[{"count":0,"href":"https:\/\/obscom.intervozes.org.br\/index.php?rest_route=\/wp\/v2\/posts\/22170\/revisions"}],"wp:attachment":[{"href":"https:\/\/obscom.intervozes.org.br\/index.php?rest_route=%2Fwp%2Fv2%2Fmedia&parent=22170"}],"wp:term":[{"taxonomy":"category","embeddable":true,"href":"https:\/\/obscom.intervozes.org.br\/index.php?rest_route=%2Fwp%2Fv2%2Fcategories&post=22170"},{"taxonomy":"post_tag","embeddable":true,"href":"https:\/\/obscom.intervozes.org.br\/index.php?rest_route=%2Fwp%2Fv2%2Ftags&post=22170"}],"curies":[{"name":"wp","href":"https:\/\/api.w.org\/{rel}","templated":true}]}}