{"id":22166,"date":"2008-11-24T18:04:33","date_gmt":"2008-11-24T18:04:33","guid":{"rendered":"https:\/\/obscom.intervozes.org.br\/wordpress\/?p=22166"},"modified":"2008-11-24T18:04:33","modified_gmt":"2008-11-24T18:04:33","slug":"seminario-no-rs-discute-realizacao-da-conferencia-nacional-de-comunicacoes","status":"publish","type":"post","link":"https:\/\/obscom.intervozes.org.br\/?p=22166","title":{"rendered":"Semin\u00e1rio no RS discute realiza\u00e7\u00e3o da Confer\u00eancia Nacional de Comunica\u00e7\u00f5es"},"content":{"rendered":"<p>   \t \t \t \t \t<!-- \t\t@page { margin: 2cm } \t\tP { margin-bottom: 0.21cm } \t--> \t  <\/p>\n<p style=\"margin-bottom: 0cm\" class=\"western\"><span class=\"padrao\"><span>O Semin&aacute;rio Pr&oacute;-Confer&ecirc;ncia Nacional de Comunica&ccedil;&atilde;o ocorrido no &uacute;ltimo s&aacute;bado (21) reuniu representantes de movimentos sociais, culturais, sindicatos profissionais e estudantes no Plenarinho da Assembl&eacute;ia Legislativa, na capital. Eles discutiram os principais assuntos que dizem respeito ao setor e que dever&atilde;o ser levados &agrave; Confer&ecirc;ncia Nacional de Comunica&ccedil;&atilde;o, reivindica&ccedil;&atilde;o atribu&iacute;da &agrave; sociedade civil organizada. O objetivo &eacute; promover uma grande discuss&atilde;o sobre a comunica&ccedil;&atilde;o no pa&iacute;s e colaborar na constru&ccedil;&atilde;o de pol&iacute;ticas p&uacute;blicas para o setor, em &eacute;poca de converg&ecirc;ncia.<\/p>\n<p>O evento de Porto Alegre discutiu &ldquo;Reestrutura&ccedil;&atilde;o do Sistema, Controle P&uacute;blico e Conte&uacute;do nos Meios Audiovisuais&rdquo;. O jornalista Celso Schr&ouml;der, vice-presidente da Federa&ccedil;&atilde;o Nacional dos Jornalistas, uma das entidades a encabe&ccedil;ar a constru&ccedil;&atilde;o da confer&ecirc;ncia, destacou que a mesma precisa ser convocada pelo Executivo. A expectativa de uma das coordenadoras da Comiss&atilde;o no RS, Cl&aacute;udia Cardoso, &eacute; de que o governo federal convoque a confer&ecirc;ncia ainda neste ano. Entre os painelistas, estiveram o ex-vice-governador Antonio Hohlfeldt e a professora Maria Helena Weber, da Ufrgs.<\/span><\/span><\/p>\n<p style=\"margin-bottom: 0cm\" class=\"western\"><span class=\"padrao\"><br \/><\/span> <\/p>\n","protected":false},"excerpt":{"rendered":"<p>O Semin&aacute;rio Pr&oacute;-Confer&ecirc;ncia Nacional de Comunica&ccedil;&atilde;o ocorrido no &uacute;ltimo s&aacute;bado (21) reuniu representantes de movimentos sociais, culturais, sindicatos profissionais e estudantes no Plenarinho da Assembl&eacute;ia Legislativa, na capital. Eles discutiram os principais assuntos que dizem respeito ao setor e que dever&atilde;o ser levados &agrave; Confer&ecirc;ncia Nacional de Comunica&ccedil;&atilde;o, reivindica&ccedil;&atilde;o atribu&iacute;da &agrave; sociedade civil organizada. O &hellip; <a href=\"https:\/\/obscom.intervozes.org.br\/?p=22166\" class=\"more-link\">Continue lendo <span class=\"screen-reader-text\">Semin\u00e1rio no RS discute realiza\u00e7\u00e3o da Confer\u00eancia Nacional de Comunica\u00e7\u00f5es<\/span> <span class=\"meta-nav\">&rarr;<\/span><\/a><\/p>\n","protected":false},"author":1,"featured_media":0,"comment_status":"open","ping_status":"open","sticky":false,"template":"","format":"standard","meta":{"footnotes":""},"categories":[40],"tags":[830],"_links":{"self":[{"href":"https:\/\/obscom.intervozes.org.br\/index.php?rest_route=\/wp\/v2\/posts\/22166"}],"collection":[{"href":"https:\/\/obscom.intervozes.org.br\/index.php?rest_route=\/wp\/v2\/posts"}],"about":[{"href":"https:\/\/obscom.intervozes.org.br\/index.php?rest_route=\/wp\/v2\/types\/post"}],"author":[{"embeddable":true,"href":"https:\/\/obscom.intervozes.org.br\/index.php?rest_route=\/wp\/v2\/users\/1"}],"replies":[{"embeddable":true,"href":"https:\/\/obscom.intervozes.org.br\/index.php?rest_route=%2Fwp%2Fv2%2Fcomments&post=22166"}],"version-history":[{"count":0,"href":"https:\/\/obscom.intervozes.org.br\/index.php?rest_route=\/wp\/v2\/posts\/22166\/revisions"}],"wp:attachment":[{"href":"https:\/\/obscom.intervozes.org.br\/index.php?rest_route=%2Fwp%2Fv2%2Fmedia&parent=22166"}],"wp:term":[{"taxonomy":"category","embeddable":true,"href":"https:\/\/obscom.intervozes.org.br\/index.php?rest_route=%2Fwp%2Fv2%2Fcategories&post=22166"},{"taxonomy":"post_tag","embeddable":true,"href":"https:\/\/obscom.intervozes.org.br\/index.php?rest_route=%2Fwp%2Fv2%2Ftags&post=22166"}],"curies":[{"name":"wp","href":"https:\/\/api.w.org\/{rel}","templated":true}]}}