{"id":22165,"date":"2008-11-24T17:54:42","date_gmt":"2008-11-24T17:54:42","guid":{"rendered":"https:\/\/obscom.intervozes.org.br\/wordpress\/?p=22165"},"modified":"2008-11-24T17:54:42","modified_gmt":"2008-11-24T17:54:42","slug":"ambiguidade-de-normas-da-anatel-gera-acoes-judiciais-critica-procurador","status":"publish","type":"post","link":"https:\/\/obscom.intervozes.org.br\/?p=22165","title":{"rendered":"Ambig\u00fcidade de normas da Anatel gera a\u00e7\u00f5es judiciais, critica procurador"},"content":{"rendered":"<p>   \t \t \t \t \t<!-- \t\t@page { margin: 2cm } \t\tP { margin-bottom: 0.21cm } \t--> \t  <\/p>\n<p style=\"margin-bottom: 0cm\" class=\"western padrao\">O procurador da Rep&uacute;blica, Paulo Jos&eacute; da Rocha, afirmou nesta sexta-feira (21), que a ambig&uuml;idade de algumas normas elaboradas pela Ag&ecirc;ncia Nacional de Telecomunica&ccedil;&otilde;es (Anatel) s&atilde;o respons&aacute;veis por gerar a&ccedil;&otilde;es judiciais que poderiam ser evitadas. A declara&ccedil;&atilde;o foi dada durante a reuni&atilde;o do Conselho Consultivo da ag&ecirc;ncia que debateu a gratuidade do ponto extra da TV por assinatura.<\/p>\n<p>O procurador citou, como exemplo, os casos em que a Justi&ccedil;a Federal expediu as liminares em favor da Associa&ccedil;&atilde;o Brasileira de TV por Assinatura (ABTA) &ndash; pela cobran&ccedil;a do ponto extra &ndash; e da Associa&ccedil;&atilde;o Brasileira de Defesa do Consumidor (Pro-Teste) &ndash; pela suspens&atilde;o do direito de troca de obriga&ccedil;&otilde;es das concession&aacute;rias de STFC, que implementariam a infra-estrutura de banda larga (backhaul) ao inv&eacute;s de instalar os antigos postos de servi&ccedil;o de telecomunica&ccedil;&otilde;es (PST).<\/p>\n<p>&quot;A Anatel precisa ter um cuidado maior utilizando o seu poder regulat&oacute;rio para definir normas que n&atilde;o causem este tipo de conflito. Ou seja, pensar na formula&ccedil;&atilde;o de regulamentos que tenham mais de um sentido a fim de evitar erros de interpreta&ccedil;&atilde;o. Inevitavelmente, isso desemboca no Poder Judici&aacute;rio&quot;, afirmou Rocha, representado o Minist&eacute;rio P&uacute;blico Federal (MPF).<\/p>\n<p><strong>Ponto extra<\/strong><\/p>\n<p>Atualmente, a gratuidade do ponto extra est&aacute; suspensa em fun&ccedil;&atilde;o da decis&atilde;o Justi&ccedil;a que garantiu a cobran&ccedil;a do servi&ccedil;o a todas operadoras ligadas &agrave; ABTA. A liminar vale at&eacute; que a Anatel defina melhor o texto do regulamento de prote&ccedil;&atilde;o dos assinantes nos artigos 29, 30 e 32. Para n&atilde;o prejudicar as demais operadoras, o Conselho Diretor da ag&ecirc;ncia suspendeu os artigos.<\/p>\n<p>Al&eacute;m do representante do MPF e dos membros do conselho consultivo, estiveram presentes Ara Apkar Minassian, superintendente de Comunica&ccedil;&atilde;o de Massa da Anatel; Ricardo Lagreca, da ABTA; Marcelo Matos Ramos, da Seae (Secretaria de Acompanhamento Econ&ocirc;mico do Minist&eacute;rio da Fazenda). Ao fim da reuni&atilde;o, Em&iacute;lia Ribeiro, da diretoria da Anatel, lamentou que o Procon e o Idec (Instituto Brasileiro de Defesa do Consumidor) n&atilde;o terem participado.<\/p>\n<p>Os participantes foram un&acirc;nimes quanto a necessidade de a ag&ecirc;ncia estimular a competi&ccedil;&atilde;o no setor de TV por assinatura proporcionando a entrada de novas operadoras. Em posi&ccedil;&atilde;o contr&aacute;ria &agrave; gratuidade do ponto extra, Minassian afirmou que a decis&atilde;o da ag&ecirc;ncia nesse sentido poderia elevar os pre&ccedil;os da assinatura e prejudicar a oferta de servi&ccedil;os para as classes sociais D e E. Segundo ele, o alto custo do servi&ccedil;o fez com que a 70% dos 6 milh&otilde;es de assinantes estejam nas classes A e B. A mesma posi&ccedil;&atilde;o foi defendida pelo representante da ABTA, Ricardo Lagreca.<\/p>\n<p>Para Marcelo Matos Ramos, a Seae permanece com a mesma posi&ccedil;&atilde;o defendida durante a consulta p&uacute;blica realizada pela ag&ecirc;ncia sobre o ponto extra. Na ocasi&atilde;o, a secretaria fez um paralelo do setor de TV por assinatura brasileiro com a de outros pa&iacute;ses. Ele informou que a cobran&ccedil;a do ponto adicional &eacute; um procedimento comum e deve ser preservado tamb&eacute;m no Brasil para garantir a competitividade entre as empresas.<\/p>\n","protected":false},"excerpt":{"rendered":"<p>O procurador da Rep&uacute;blica, Paulo Jos&eacute; da Rocha, afirmou nesta sexta-feira (21), que a ambig&uuml;idade de algumas normas elaboradas pela Ag&ecirc;ncia Nacional de Telecomunica&ccedil;&otilde;es (Anatel) s&atilde;o respons&aacute;veis por gerar a&ccedil;&otilde;es judiciais que poderiam ser evitadas. A declara&ccedil;&atilde;o foi dada durante a reuni&atilde;o do Conselho Consultivo da ag&ecirc;ncia que debateu a gratuidade do ponto extra da &hellip; <a href=\"https:\/\/obscom.intervozes.org.br\/?p=22165\" class=\"more-link\">Continue lendo <span class=\"screen-reader-text\">Ambig\u00fcidade de normas da Anatel gera a\u00e7\u00f5es judiciais, critica procurador<\/span> <span class=\"meta-nav\">&rarr;<\/span><\/a><\/p>\n","protected":false},"author":1,"featured_media":0,"comment_status":"open","ping_status":"open","sticky":false,"template":"","format":"standard","meta":{"footnotes":""},"categories":[40],"tags":[366],"_links":{"self":[{"href":"https:\/\/obscom.intervozes.org.br\/index.php?rest_route=\/wp\/v2\/posts\/22165"}],"collection":[{"href":"https:\/\/obscom.intervozes.org.br\/index.php?rest_route=\/wp\/v2\/posts"}],"about":[{"href":"https:\/\/obscom.intervozes.org.br\/index.php?rest_route=\/wp\/v2\/types\/post"}],"author":[{"embeddable":true,"href":"https:\/\/obscom.intervozes.org.br\/index.php?rest_route=\/wp\/v2\/users\/1"}],"replies":[{"embeddable":true,"href":"https:\/\/obscom.intervozes.org.br\/index.php?rest_route=%2Fwp%2Fv2%2Fcomments&post=22165"}],"version-history":[{"count":0,"href":"https:\/\/obscom.intervozes.org.br\/index.php?rest_route=\/wp\/v2\/posts\/22165\/revisions"}],"wp:attachment":[{"href":"https:\/\/obscom.intervozes.org.br\/index.php?rest_route=%2Fwp%2Fv2%2Fmedia&parent=22165"}],"wp:term":[{"taxonomy":"category","embeddable":true,"href":"https:\/\/obscom.intervozes.org.br\/index.php?rest_route=%2Fwp%2Fv2%2Fcategories&post=22165"},{"taxonomy":"post_tag","embeddable":true,"href":"https:\/\/obscom.intervozes.org.br\/index.php?rest_route=%2Fwp%2Fv2%2Ftags&post=22165"}],"curies":[{"name":"wp","href":"https:\/\/api.w.org\/{rel}","templated":true}]}}