{"id":22161,"date":"2008-11-24T17:21:56","date_gmt":"2008-11-24T17:21:56","guid":{"rendered":"https:\/\/obscom.intervozes.org.br\/wordpress\/?p=22161"},"modified":"2008-11-24T17:21:56","modified_gmt":"2008-11-24T17:21:56","slug":"tvs-publicas-assinam-dia-28-protocolo-para-criacao-de-rede-nacional-digital","status":"publish","type":"post","link":"https:\/\/obscom.intervozes.org.br\/?p=22161","title":{"rendered":"TVs p\u00fablicas assinam dia 28 protocolo para cria\u00e7\u00e3o de rede nacional digital"},"content":{"rendered":"<p>   \t \t \t \t \t<!-- \t\t@page { margin: 2cm } \t\tP { margin-bottom: 0.21cm } \t--> \t  <\/p>\n<p style=\"margin-bottom: 0cm\" class=\"western\"><span class=\"padrao\"><u><strong>Reproduzido do TeleTime News<\/strong><\/u><\/p>\n<p>Est&aacute; marcada para o dia 28 de novembro solenidade no Pal&aacute;cio do Planalto em que a Empresa Brasil de Comunica&ccedil;&atilde;o (EBC), a TV C&acirc;mara, a TV Senado, os minist&eacute;rios da Educa&ccedil;&atilde;o (TV Escola), Comunica&ccedil;&otilde;es, Cultura e a TV Justi&ccedil;a firmar&atilde;o o protocolo para a cria&ccedil;&atilde;o de uma rede de transmiss&atilde;o dos seus sinais digitais. Est&aacute; prevista, inicialmente, uma rede conjunta que operar&aacute; nas capitais e nas cidades com mais de 200 mil habitantes para a transmiss&atilde;o dos quatro canais p&uacute;blicos previstos no Decreto 5.820\/06. Posteriormente, ser&aacute; realizada uma audi&ecirc;ncia p&uacute;blica sobre o tema para definir o modelo de explora&ccedil;&atilde;o da infra-estrutura e dos canais e, mais adiante, aberto o edital de contrata&ccedil;&atilde;o do operador de rede.<\/span><\/p>\n","protected":false},"excerpt":{"rendered":"<p>Reproduzido do TeleTime News Est&aacute; marcada para o dia 28 de novembro solenidade no Pal&aacute;cio do Planalto em que a Empresa Brasil de Comunica&ccedil;&atilde;o (EBC), a TV C&acirc;mara, a TV Senado, os minist&eacute;rios da Educa&ccedil;&atilde;o (TV Escola), Comunica&ccedil;&otilde;es, Cultura e a TV Justi&ccedil;a firmar&atilde;o o protocolo para a cria&ccedil;&atilde;o de uma rede de transmiss&atilde;o dos &hellip; <a href=\"https:\/\/obscom.intervozes.org.br\/?p=22161\" class=\"more-link\">Continue lendo <span class=\"screen-reader-text\">TVs p\u00fablicas assinam dia 28 protocolo para cria\u00e7\u00e3o de rede nacional digital<\/span> <span class=\"meta-nav\">&rarr;<\/span><\/a><\/p>\n","protected":false},"author":1,"featured_media":0,"comment_status":"open","ping_status":"open","sticky":false,"template":"","format":"standard","meta":{"footnotes":""},"categories":[39],"tags":[],"_links":{"self":[{"href":"https:\/\/obscom.intervozes.org.br\/index.php?rest_route=\/wp\/v2\/posts\/22161"}],"collection":[{"href":"https:\/\/obscom.intervozes.org.br\/index.php?rest_route=\/wp\/v2\/posts"}],"about":[{"href":"https:\/\/obscom.intervozes.org.br\/index.php?rest_route=\/wp\/v2\/types\/post"}],"author":[{"embeddable":true,"href":"https:\/\/obscom.intervozes.org.br\/index.php?rest_route=\/wp\/v2\/users\/1"}],"replies":[{"embeddable":true,"href":"https:\/\/obscom.intervozes.org.br\/index.php?rest_route=%2Fwp%2Fv2%2Fcomments&post=22161"}],"version-history":[{"count":0,"href":"https:\/\/obscom.intervozes.org.br\/index.php?rest_route=\/wp\/v2\/posts\/22161\/revisions"}],"wp:attachment":[{"href":"https:\/\/obscom.intervozes.org.br\/index.php?rest_route=%2Fwp%2Fv2%2Fmedia&parent=22161"}],"wp:term":[{"taxonomy":"category","embeddable":true,"href":"https:\/\/obscom.intervozes.org.br\/index.php?rest_route=%2Fwp%2Fv2%2Fcategories&post=22161"},{"taxonomy":"post_tag","embeddable":true,"href":"https:\/\/obscom.intervozes.org.br\/index.php?rest_route=%2Fwp%2Fv2%2Ftags&post=22161"}],"curies":[{"name":"wp","href":"https:\/\/api.w.org\/{rel}","templated":true}]}}